{"id":61436,"date":"2025-04-24T16:59:42","date_gmt":"2025-04-24T16:59:42","guid":{"rendered":"https:\/\/lahora.mx\/?p=61436"},"modified":"2025-04-24T16:59:43","modified_gmt":"2025-04-24T16:59:43","slug":"hallan-cuerpo-encobijado-en-canada-morelos","status":"publish","type":"post","link":"https:\/\/lahora.mx\/index.php\/2025\/04\/24\/hallan-cuerpo-encobijado-en-canada-morelos\/","title":{"rendered":"Hallan cuerpo encobijado en Ca\u00f1ada Morelos"},"content":{"rendered":"\n<p>La tarde del mi\u00e9rcoles 24 de abril, alrededor de las 18:25 horas, elementos de la Seguridad P\u00fablica Municipal recibieron un reporte sobre el hallazgo de un cuerpo sin vida en la carretera que conduce a la comunidad de San Jos\u00e9 Ixtapa, en Ca\u00f1ada Morelos. Tras recibir la llamada, las autoridades se trasladaron al sitio para verificar la informaci\u00f3n y asegurar el \u00e1rea.<\/p>\n\n\n\n<p>De acuerdo con los primeros informes, se trata de un hombre que fue encontrado envuelto en una cobija de color azul con rojo. Se observ\u00f3 que la v\u00edctima presentaba un disparo en la cabeza, lo que sugiere que la causa de la muerte fue un impacto de bala.<\/p>\n\n\n\n<p>Los hechos ocurrieron en una zona cercana a la v\u00eda p\u00fablica, lo que gener\u00f3 alarma en los habitantes.<br>Adem\u00e1s, fuentes no oficiales indicaron que el cuerpo presentaba un tatuaje relacionado con la Santa Muerte, aunque este detalle a\u00fan no ha sido confirmado por las autoridades. La identidad del hombre y el posible m\u00f3vil del crimen no han sido revelados, por lo que se mantiene en investigaci\u00f3n.<br><br>El lugar del hallazgo fue acordonado por elementos policiacos quienes resguardaron la zona mientras esperaban la llegada de personal de la Fiscal\u00eda General del Estado.<\/p>\n\n\n\n<p>El cuerpo fue trasladado al SEMEFO para realizar los estudios correspondientes y determinar la causa exacta de la muerte. La Fiscal\u00eda continuar\u00e1 con las investigaciones para esclarecer lo sucedido.<\/p>\n","protected":false},"excerpt":{"rendered":"<p>La tarde del mi\u00e9rcoles 24 de abril, alrededor de las 18:25 horas, elementos de la Seguridad P\u00fablica Municipal recibieron un reporte sobre el hallazgo de un cuerpo sin vida en la carretera que conduce a la comunidad de San Jos\u00e9 Ixtapa, en Ca\u00f1ada Morelos. Tras recibir la llamada, las autoridades se trasladaron al sitio para [&hellip;]<\/p>\n","protected":false},"author":4,"featured_media":61437,"comment_status":"open","ping_status":"open","sticky":false,"template":"","format":"standard","meta":{"om_disable_all_campaigns":false,"_monsterinsights_skip_tracking":false,"_monsterinsights_sitenote_active":false,"_monsterinsights_sitenote_note":"","_monsterinsights_sitenote_category":0,"footnotes":""},"categories":[175,226],"tags":[223],"class_list":["post-61436","post","type-post","status-publish","format-standard","has-post-thumbnail","hentry","category-local","category-policia","tag-puebla"],"amp_enabled":true,"_links":{"self":[{"href":"https:\/\/lahora.mx\/index.php\/wp-json\/wp\/v2\/posts\/61436","targetHints":{"allow":["GET"]}}],"collection":[{"href":"https:\/\/lahora.mx\/index.php\/wp-json\/wp\/v2\/posts"}],"about":[{"href":"https:\/\/lahora.mx\/index.php\/wp-json\/wp\/v2\/types\/post"}],"author":[{"embeddable":true,"href":"https:\/\/lahora.mx\/index.php\/wp-json\/wp\/v2\/users\/4"}],"replies":[{"embeddable":true,"href":"https:\/\/lahora.mx\/index.php\/wp-json\/wp\/v2\/comments?post=61436"}],"version-history":[{"count":1,"href":"https:\/\/lahora.mx\/index.php\/wp-json\/wp\/v2\/posts\/61436\/revisions"}],"predecessor-version":[{"id":61438,"href":"https:\/\/lahora.mx\/index.php\/wp-json\/wp\/v2\/posts\/61436\/revisions\/61438"}],"wp:featuredmedia":[{"embeddable":true,"href":"https:\/\/lahora.mx\/index.php\/wp-json\/wp\/v2\/media\/61437"}],"wp:attachment":[{"href":"https:\/\/lahora.mx\/index.php\/wp-json\/wp\/v2\/media?parent=61436"}],"wp:term":[{"taxonomy":"category","embeddable":true,"href":"https:\/\/lahora.mx\/index.php\/wp-json\/wp\/v2\/categories?post=61436"},{"taxonomy":"post_tag","embeddable":true,"href":"https:\/\/lahora.mx\/index.php\/wp-json\/wp\/v2\/tags?post=61436"}],"curies":[{"name":"wp","href":"https:\/\/api.w.org\/{rel}","templated":true}]}}