{"id":61406,"date":"2025-04-24T22:48:38","date_gmt":"2025-04-24T22:48:38","guid":{"rendered":"https:\/\/lahora.mx\/?p=61406"},"modified":"2025-04-29T01:39:40","modified_gmt":"2025-04-29T01:39:40","slug":"la-gran-fiesta-poblana-2025-se-celebrara-en-orden-seguridad-y-limpieza","status":"publish","type":"post","link":"https:\/\/lahora.mx\/index.php\/2025\/04\/24\/la-gran-fiesta-poblana-2025-se-celebrara-en-orden-seguridad-y-limpieza\/","title":{"rendered":"La Gran Fiesta Poblana 2025 se celebrar\u00e1 en orden, seguridad y limpieza"},"content":{"rendered":"\n<p>Puebla est\u00e1 lista para vestirse de gala, este jueves 24 de abril, a las 16:00 horas, la zona de Los Fuertes ser\u00e1 testigo del arranque de la Feria de Puebla 2025, un evento que promete ser no solo el m\u00e1s grande en la historia del estado, sino tambi\u00e9n el m\u00e1s seguro, limpio y organizado.<\/p>\n\n\n\n<p>El gobierno del estado, encabezado por Alejandro Armenta, se ha comprometido a ofrecer una experiencia digna de ser recordada. Con el respaldo del Gobierno de M\u00e9xico y bajo la directriz de la presidenta Claudia Sheinbaum, la feria no solo celebrar\u00e1 la riqueza cultural y tradicional poblana, sino que posicionar\u00e1 a Puebla como un referente nacional en turismo, desarrollo y bienestar.<\/p>\n\n\n\n<p>En un esfuerzo conjunto por garantizar la tranquilidad de las miles de familias que asistir\u00e1n, Puebla ha puesto en marcha el programa \u201cParadero Seguro\u201d, una estrategia de protecci\u00f3n en carreteras que incluye la instalaci\u00f3n de cinco puntos vigilados a lo largo de la autopista M\u00e9xico-Puebla. El primero de estos ya est\u00e1 en funcionamiento, resguardado por elementos de la Marina, Sedena, Guardia Nacional y Polic\u00eda Estatal.<\/p>\n\n\n\n<p>\u201cEs un acto de justicia social que salvar\u00e1 vidas\u201d, asegur\u00f3 el gobernador Alejandro Armenta, quien subray\u00f3 que estas acciones permitir\u00e1n a poblanos, poblanas y visitantes moverse con libertad y sin temor.<\/p>\n\n\n\n<p>Por otro lado, la limpieza del estado ha sido una prioridad desde el primer d\u00eda. Gracias al programa \u201cSenderos de Paz\u201d y 14 intensas jornadas de faena comunitaria, Puebla luce hoy como una ciudad m\u00e1s ordenada y hospitalaria. Calles barridas, espacios p\u00fablicos rehabilitados y una ciudadan\u00eda comprometida con el entorno hacen del estado un destino ejemplar.<\/p>\n\n\n\n<p>La Feria de Puebla 2025, que se celebrar\u00e1 del 24 de abril al 11 de mayo, se desarrollar\u00e1 en la emblem\u00e1tica zona de Los Fuertes, un sitio con historia, identidad y orgullo. Adem\u00e1s de espect\u00e1culos, juegos, gastronom\u00eda y cultura, este a\u00f1o el enfoque es claro: mostrar al pa\u00eds y al mundo una Puebla moderna, segura y vibrante.<\/p>\n\n\n\n<p>La gran fiesta poblana est\u00e1 lista para comenzar. Y t\u00fa, \u00bfya est\u00e1s listo para vivirla?<\/p>\n","protected":false},"excerpt":{"rendered":"<p>Puebla est\u00e1 lista para vestirse de gala, este jueves 24 de abril, a las 16:00 horas, la zona de Los Fuertes ser\u00e1 testigo del arranque de la Feria de Puebla 2025, un evento que promete ser no solo el m\u00e1s grande en la historia del estado, sino tambi\u00e9n el m\u00e1s seguro, limpio y organizado. El [&hellip;]<\/p>\n","protected":false},"author":4,"featured_media":61408,"comment_status":"open","ping_status":"open","sticky":false,"template":"","format":"standard","meta":{"om_disable_all_campaigns":false,"_monsterinsights_skip_tracking":false,"_monsterinsights_sitenote_active":false,"_monsterinsights_sitenote_note":"","_monsterinsights_sitenote_category":0,"footnotes":""},"categories":[175],"tags":[239,195,223],"class_list":["post-61406","post","type-post","status-publish","format-standard","has-post-thumbnail","hentry","category-local","tag-gobierno","tag-principal","tag-puebla"],"amp_enabled":true,"_links":{"self":[{"href":"https:\/\/lahora.mx\/index.php\/wp-json\/wp\/v2\/posts\/61406","targetHints":{"allow":["GET"]}}],"collection":[{"href":"https:\/\/lahora.mx\/index.php\/wp-json\/wp\/v2\/posts"}],"about":[{"href":"https:\/\/lahora.mx\/index.php\/wp-json\/wp\/v2\/types\/post"}],"author":[{"embeddable":true,"href":"https:\/\/lahora.mx\/index.php\/wp-json\/wp\/v2\/users\/4"}],"replies":[{"embeddable":true,"href":"https:\/\/lahora.mx\/index.php\/wp-json\/wp\/v2\/comments?post=61406"}],"version-history":[{"count":1,"href":"https:\/\/lahora.mx\/index.php\/wp-json\/wp\/v2\/posts\/61406\/revisions"}],"predecessor-version":[{"id":61409,"href":"https:\/\/lahora.mx\/index.php\/wp-json\/wp\/v2\/posts\/61406\/revisions\/61409"}],"wp:featuredmedia":[{"embeddable":true,"href":"https:\/\/lahora.mx\/index.php\/wp-json\/wp\/v2\/media\/61408"}],"wp:attachment":[{"href":"https:\/\/lahora.mx\/index.php\/wp-json\/wp\/v2\/media?parent=61406"}],"wp:term":[{"taxonomy":"category","embeddable":true,"href":"https:\/\/lahora.mx\/index.php\/wp-json\/wp\/v2\/categories?post=61406"},{"taxonomy":"post_tag","embeddable":true,"href":"https:\/\/lahora.mx\/index.php\/wp-json\/wp\/v2\/tags?post=61406"}],"curies":[{"name":"wp","href":"https:\/\/api.w.org\/{rel}","templated":true}]}}