{"id":61393,"date":"2025-04-23T21:45:48","date_gmt":"2025-04-23T21:45:48","guid":{"rendered":"https:\/\/lahora.mx\/?p=61393"},"modified":"2025-04-23T21:45:49","modified_gmt":"2025-04-23T21:45:49","slug":"arrestan-a-tres-mujeres-por-abuso-sexual-en-guarderias-de-ciudad-juarez","status":"publish","type":"post","link":"https:\/\/lahora.mx\/index.php\/2025\/04\/23\/arrestan-a-tres-mujeres-por-abuso-sexual-en-guarderias-de-ciudad-juarez\/","title":{"rendered":"Arrestan a tres mujeres por abuso sexual en guarder\u00edas de Ciudad Ju\u00e1rez"},"content":{"rendered":"\n<p class=\"wp-block-paragraph\">La Fiscal\u00eda General del Estado\u00a0<strong>(FGE)<\/strong>\u00a0de\u00a0<strong>Chihuahua<\/strong>\u00a0detuvo a tres mujeres acusadas de\u00a0violaci\u00f3n \u00a0agravada en la\u00a0<strong>\u201cGuarder\u00eda Loon\u201d<\/strong>, en\u00a0<strong>Ciudad Ju\u00e1rez<\/strong>, en el marco de una\u00a0<strong>investigaci\u00f3n<\/strong>\u00a0que abarca\u00a0<strong>71 casos de abuso sexual infantil<\/strong>\u00a0en cinco centros de cuidado.<\/p>\n\n\n\n<p class=\"wp-block-paragraph\">Las detenidas, identificadas como&nbsp;<strong>Graciela L. R.<\/strong>, de&nbsp;<strong>53 a\u00f1os<\/strong>,&nbsp;<strong>Blanca Patricia R. S.<\/strong>, de&nbsp;<strong>42 a\u00f1os<\/strong>&nbsp;y&nbsp;<strong>Norma Laura V. B.<\/strong>, de&nbsp;<strong>59 a\u00f1os<\/strong>, fueron aprehendidas el&nbsp;<strong>21 de abril<\/strong>&nbsp;por la Agencia Estatal de Investigaci\u00f3n&nbsp;<strong>(AEI)<\/strong>&nbsp;y puestas a disposici\u00f3n de jueces de control para determinar su situaci\u00f3n jur\u00eddica.<\/p>\n\n\n\n<p class=\"wp-block-paragraph\">La investigaci\u00f3n, liderada por la Fiscal\u00eda Especializada en Atenci\u00f3n a Mujeres V\u00edctimas del Delito por Razones de G\u00e9nero y a la Familia (FEM),&nbsp;<strong>revel\u00f3 abusos en las guarder\u00edas<\/strong>&nbsp;\u201cMi Mundo de Colores\u201d, \u201cLoon\u201d, \u201cNi\u00f1ito Jes\u00fas\u201d, \u201cMi Peque\u00f1o Tambor\u201d y la Estancia de Bienestar y Desarrollo Infantil (EBDI) No. 32 del ISSSTE.<\/p>\n\n\n\n<h2 class=\"wp-block-heading\"><strong>Los resultados de las investigaciones realizadas<\/strong><br>Seg\u00fan la FGE, se realizaron\u00a0<strong>218 revisiones m\u00e9dicas y psicol\u00f3gicas<\/strong>\u00a0a menores de entre\u00a0<strong>uno y cuatro a\u00f1os<\/strong>, confirmando indicios de\u00a0agresi\u00f3n sexual\u00a0en\u00a0<strong>71 casos<\/strong>, principalmente introducciones de los dedos v\u00eda genital y anal, seg\u00fan los reportes m\u00e9dicos.<\/h2>\n\n\n\n<p class=\"wp-block-paragraph\">Los&nbsp;<strong>testimonios de las v\u00edctimas<\/strong>, especialmente de aquellos con mayor desarrollo verbal, se\u00f1alaron que los abusos ocurrieron dentro de las instalaciones.<\/p>\n\n\n\n<p class=\"wp-block-paragraph\">La Guarder\u00eda\u00a0<strong>\u201cMi Mundo de Colores\u201d<\/strong>\u00a0registr\u00f3 el mayor n\u00famero de casos, con 34\u00a0carpetas de investigaci\u00f3n , tras 107 revisiones.\u00a0<strong>Rosa Iveth V. G.<\/strong>\u00a0est\u00e1 vinculada a proceso; mientras que en la Guarder\u00eda \u201cLoon\u201d, tiene\u00a0<strong>15 carpetas<\/strong>, tras\u00a0<strong>53 revisione<\/strong>s, Lourdes Z. M. enfrenta\u00a0<strong>prisi\u00f3n preventiva<\/strong>.<\/p>\n\n\n\n<p class=\"wp-block-paragraph\">En&nbsp;<strong>\u201cNi\u00f1ito Jes\u00fas\u201d<\/strong>&nbsp;y&nbsp;<strong>\u201cMi Peque\u00f1o Tambor\u201d,<\/strong>&nbsp;hay&nbsp;<strong>dos carpetas de investigaci\u00f3n<\/strong>&nbsp;por cada una y se detuvo a&nbsp;<strong>Teresa Johana T. E.<\/strong>&nbsp;en esta \u00faltima. La&nbsp;<strong>guarder\u00eda del ISSSTE<\/strong>, tiene&nbsp;<strong>19 carpetas<\/strong>&nbsp;tras&nbsp;<strong>49 revisiones<\/strong>, dos de estos casos fueron derivados a la Fiscal\u00eda General de la Rep\u00fablica&nbsp;<strong>(FGR).<\/strong><\/p>\n\n\n\n<h2 class=\"wp-block-heading\"><strong>Cerraron las guarder\u00edas investigadas<\/strong><\/h2>\n\n\n\n<p class=\"wp-block-paragraph\">Las autoridades\u00a0<strong>ordenaron el cierre temporal<\/strong>\u00a0de las cinco\u00a0guarder\u00edas, reubicando a los menores y proporcionando\u00a0<strong>atenci\u00f3n psicol\u00f3gica<\/strong>\u00a0a las familias a trav\u00e9s de la Comisi\u00f3n Estatal de Atenci\u00f3n a V\u00edctimas\u00a0<strong>(CEAVE)<\/strong>\u00a0y la organizaci\u00f3n\u00a0<strong>Guardianna<\/strong>.<\/p>\n\n\n\n<p class=\"wp-block-paragraph\">Inicialmente, la FGE descart\u00f3 que exista una&nbsp;<strong>red de pornograf\u00eda infantil<\/strong>, pero las investigaciones contin\u00faan.<\/p>\n\n\n\n<p class=\"wp-block-paragraph\">La fiscal\u00a0<strong>Wendy Ch\u00e1vez<\/strong>\u00a0destac\u00f3 la colaboraci\u00f3n del Instituto Mexicano del Seguro Social\u00a0<strong>(IMSS)<\/strong>\u00a0y el Instituto Chihuahuense de Desarrollo Integral Infantil\u00a0<strong>(ICHDII),<\/strong>\u00a0que facilitaron documentaci\u00f3n.<br><br>Hasta ahora, las detenciones vean en cinco las personas arrestadas, con una orden de aprehensi\u00f3n que solicit\u00f3 un amparo.<\/p>\n","protected":false},"excerpt":{"rendered":"<p>La Fiscal\u00eda General del Estado\u00a0(FGE)\u00a0de\u00a0Chihuahua\u00a0detuvo a tres mujeres acusadas de\u00a0violaci\u00f3n \u00a0agravada en la\u00a0\u201cGuarder\u00eda Loon\u201d, en\u00a0Ciudad Ju\u00e1rez, en el marco de una\u00a0investigaci\u00f3n\u00a0que abarca\u00a071 casos de abuso sexual infantil\u00a0en cinco centros de cuidado. Las detenidas, identificadas como&nbsp;Graciela L. R., de&nbsp;53 a\u00f1os,&nbsp;Blanca Patricia R. S., de&nbsp;42 a\u00f1os&nbsp;y&nbsp;Norma Laura V. B., de&nbsp;59 a\u00f1os, fueron aprehendidas el&nbsp;21 de abril&nbsp;por la [&hellip;]<\/p>\n","protected":false},"author":4,"featured_media":61394,"comment_status":"open","ping_status":"open","sticky":false,"template":"","format":"standard","meta":{"om_disable_all_campaigns":false,"_monsterinsights_skip_tracking":false,"footnotes":""},"categories":[176,226],"tags":[223],"class_list":["post-61393","post","type-post","status-publish","format-standard","has-post-thumbnail","hentry","category-nacional","category-policia","tag-puebla"],"amp_enabled":true,"_links":{"self":[{"href":"https:\/\/lahora.mx\/index.php\/wp-json\/wp\/v2\/posts\/61393","targetHints":{"allow":["GET"]}}],"collection":[{"href":"https:\/\/lahora.mx\/index.php\/wp-json\/wp\/v2\/posts"}],"about":[{"href":"https:\/\/lahora.mx\/index.php\/wp-json\/wp\/v2\/types\/post"}],"author":[{"embeddable":true,"href":"https:\/\/lahora.mx\/index.php\/wp-json\/wp\/v2\/users\/4"}],"replies":[{"embeddable":true,"href":"https:\/\/lahora.mx\/index.php\/wp-json\/wp\/v2\/comments?post=61393"}],"version-history":[{"count":1,"href":"https:\/\/lahora.mx\/index.php\/wp-json\/wp\/v2\/posts\/61393\/revisions"}],"predecessor-version":[{"id":61395,"href":"https:\/\/lahora.mx\/index.php\/wp-json\/wp\/v2\/posts\/61393\/revisions\/61395"}],"wp:featuredmedia":[{"embeddable":true,"href":"https:\/\/lahora.mx\/index.php\/wp-json\/wp\/v2\/media\/61394"}],"wp:attachment":[{"href":"https:\/\/lahora.mx\/index.php\/wp-json\/wp\/v2\/media?parent=61393"}],"wp:term":[{"taxonomy":"category","embeddable":true,"href":"https:\/\/lahora.mx\/index.php\/wp-json\/wp\/v2\/categories?post=61393"},{"taxonomy":"post_tag","embeddable":true,"href":"https:\/\/lahora.mx\/index.php\/wp-json\/wp\/v2\/tags?post=61393"}],"curies":[{"name":"wp","href":"https:\/\/api.w.org\/{rel}","templated":true}]}}