{"id":61350,"date":"2025-04-22T17:01:46","date_gmt":"2025-04-22T17:01:46","guid":{"rendered":"https:\/\/lahora.mx\/?p=61350"},"modified":"2025-04-22T17:01:46","modified_gmt":"2025-04-22T17:01:46","slug":"universidad-de-harvard-demanda-al-gobierno-de-donald-trump","status":"publish","type":"post","link":"https:\/\/lahora.mx\/index.php\/2025\/04\/22\/universidad-de-harvard-demanda-al-gobierno-de-donald-trump\/","title":{"rendered":"Universidad de Harvard demanda al gobierno de Donald Trump"},"content":{"rendered":"\n<p>La&nbsp;<strong>Universidad de Harvard<\/strong>present\u00f3 una&nbsp;<strong>demanda federal<\/strong>&nbsp;contra la&nbsp;<strong>congelaci\u00f3n de fondos<\/strong>impuesta por la administraci\u00f3n de&nbsp;<strong>Donald<\/strong><strong>Trump<\/strong>, calificando la medida como&nbsp;<strong>\u00abilegal y fuera de la autoridad del Gobierno\u00bb<\/strong>.<\/p>\n\n\n\n<p>En una&nbsp;<strong>demanda<\/strong>&nbsp;presentada ante el&nbsp;<strong>Tribunal de Distrito de Estados Unidos<\/strong>&nbsp;para el Distrito de Massachusetts, la&nbsp;<strong>Universidad de Harvard<\/strong>&nbsp;afirm\u00f3 que el caso involucra \u00ablos&nbsp;<strong>intentos del gobierno<\/strong>&nbsp;de utilizar la&nbsp;<strong>retenci\u00f3n de fondos federales<\/strong>&nbsp;como medio de presi\u00f3n para obtener&nbsp;<strong>control<\/strong>sobre la&nbsp;<strong>toma de decisiones acad\u00e9micas<\/strong>&nbsp;en&nbsp;<strong>Harvard<\/strong>\u00ab.<\/p>\n\n\n\n<p>\u00abEn el transcurso de la semana pasada, el gobierno federal ha emprendido varias acciones a ra\u00edz de la&nbsp;<strong>negativa de Harvard<\/strong>&nbsp;a cumplir sus exigencias ilegales\u00bb, escribi\u00f3 el presidente de la&nbsp;<strong>Universidad de Harvard<\/strong>,&nbsp;<strong>Alan M. Garber<\/strong>, en una carta dirigida a los miembros de la comunidad de&nbsp;<strong>Harvard<\/strong>.<\/p>\n\n\n\n<p>Seg\u00fan un informe del peri\u00f3dico\u00a0<strong><em>The New York Times<\/em><\/strong>, la\u00a0<strong>demanda<\/strong>\u00absupone una escalada importante\u00bb en la\u00a0<strong>lucha<\/strong>\u00a0entre la\u00a0<strong>educaci\u00f3n superior y Trump<\/strong>, que ha prometido \u00abreclamar\u00bb las universidades de \u00e9lite.<br><br>La administraci\u00f3n ha presentado su&nbsp;<strong>campa\u00f1a<\/strong>&nbsp;como una&nbsp;<strong>lucha contra el antisemitismo<\/strong>, pero tambi\u00e9n ha apuntado a&nbsp;<strong>programas y ense\u00f1anza<\/strong>&nbsp;relacionados con la&nbsp;<strong>diversidad racial<\/strong>&nbsp;y las cuestiones de g\u00e9nero, seg\u00fan el informe.<\/p>\n\n\n\n<p>El 11 de abril, funcionarios del gobierno de&nbsp;<strong>Donald Trump<\/strong>&nbsp;enviaron una carta a&nbsp;<strong>Harvard<\/strong>, exigiendo que la&nbsp;<strong>universidad<\/strong>&nbsp;hiciera \u00abuna reforma y reestructuraci\u00f3n significativa de la gobernanza\u00bb, se\u00f1alando que&nbsp;<strong>\u00abuna inversi\u00f3n no es un derecho\u00bb.<\/strong><\/p>\n\n\n\n<p>El 14 de abril, la&nbsp;<strong>Universidad de Harvard<\/strong>&nbsp;rechaz\u00f3 las exigencias de la&nbsp;<strong>Administraci\u00f3n Trump<\/strong>&nbsp;de realizar&nbsp;<strong>cambios radicales en sus pr\u00e1cticas de gobernanza<\/strong>, contrataci\u00f3n y admisi\u00f3n. Apenas unas horas despu\u00e9s, el gobierno de&nbsp;<strong>Donald<\/strong>&nbsp;<strong>Trump<\/strong>&nbsp;anunci\u00f3 la&nbsp;<strong>congelaci\u00f3n de 2.200 millones de d\u00f3lares&nbsp;<\/strong>en subvenciones plurianuales y 60 millones en valor de contratos plurianuales a la universidad.<\/p>\n\n\n\n<p>Luego, el 16 de abril, la\u00a0secretaria de Seguridad Nacional de Estados Unidos,\u00a0<strong>Kristi Noem<\/strong>, exigi\u00f3 a la\u00a0<strong>Universidad de Harvard<\/strong>que compartiera\u00a0<strong>informaci\u00f3n<\/strong>\u00a0sobre las actividades ilegales y violentas de los titulares de visados para\u00a0<strong>estudiantes extranjeros<\/strong>antes del 30 de abril, o se arriesgaba a perder su\u00a0<strong>autorizaci\u00f3n para matricular a estudiantes internacionales.<\/strong><br><br>Desde que inici\u00f3 su mandato en enero, el gobierno de\u00a0<strong>Donald Trump<\/strong>\u00a0ha emitido\u00a0<strong>advertencias<\/strong>\u00a0a varias de las principales\u00a0<strong>universidades estadounidenses<\/strong>, afirmando que podr\u00edan enfrentarse a\u00a0<strong>recortes de financiaci\u00f3n<\/strong>\u00a0si no ajustan sus pol\u00edticas.<\/p>\n\n\n\n<p>Las principales demandas del\u00a0gobierno de Trump\u00a0incluyen eliminar lo que describe como\u00a0<strong>antisemitismo en el campus<\/strong>\u00a0y desmantelar las iniciativas de diversidad que favorecen a ciertos\u00a0<strong>grupos minoritarios<\/strong>.<\/p>\n\n\n\n<p>Con el conflicto\u00a0<strong>palestino-israel\u00ed<\/strong>\u00a0como tel\u00f3n de fondo, muchas\u00a0<strong>universidades de Estados Unidos<\/strong>\u00a0fueron escenario el a\u00f1o pasado de una oleada de protestas\u00a0propalestinas, lo que atrajo la atenci\u00f3n del\u00a0<strong>gobierno<\/strong>\u00a0sobre los presuntos\u00a0<strong>sentimientos antisemitas<\/strong>\u00a0en los campus.\u00a0<\/p>\n","protected":false},"excerpt":{"rendered":"<p>La&nbsp;Universidad de Harvardpresent\u00f3 una&nbsp;demanda federal&nbsp;contra la&nbsp;congelaci\u00f3n de fondosimpuesta por la administraci\u00f3n de&nbsp;DonaldTrump, calificando la medida como&nbsp;\u00abilegal y fuera de la autoridad del Gobierno\u00bb. En una&nbsp;demanda&nbsp;presentada ante el&nbsp;Tribunal de Distrito de Estados Unidos&nbsp;para el Distrito de Massachusetts, la&nbsp;Universidad de Harvard&nbsp;afirm\u00f3 que el caso involucra \u00ablos&nbsp;intentos del gobierno&nbsp;de utilizar la&nbsp;retenci\u00f3n de fondos federales&nbsp;como medio de presi\u00f3n para [&hellip;]<\/p>\n","protected":false},"author":4,"featured_media":61351,"comment_status":"open","ping_status":"open","sticky":false,"template":"","format":"standard","meta":{"om_disable_all_campaigns":false,"_monsterinsights_skip_tracking":false,"_monsterinsights_sitenote_active":false,"_monsterinsights_sitenote_note":"","_monsterinsights_sitenote_category":0,"footnotes":""},"categories":[183],"tags":[],"class_list":["post-61350","post","type-post","status-publish","format-standard","has-post-thumbnail","hentry","category-internacional"],"amp_enabled":true,"_links":{"self":[{"href":"https:\/\/lahora.mx\/index.php\/wp-json\/wp\/v2\/posts\/61350","targetHints":{"allow":["GET"]}}],"collection":[{"href":"https:\/\/lahora.mx\/index.php\/wp-json\/wp\/v2\/posts"}],"about":[{"href":"https:\/\/lahora.mx\/index.php\/wp-json\/wp\/v2\/types\/post"}],"author":[{"embeddable":true,"href":"https:\/\/lahora.mx\/index.php\/wp-json\/wp\/v2\/users\/4"}],"replies":[{"embeddable":true,"href":"https:\/\/lahora.mx\/index.php\/wp-json\/wp\/v2\/comments?post=61350"}],"version-history":[{"count":1,"href":"https:\/\/lahora.mx\/index.php\/wp-json\/wp\/v2\/posts\/61350\/revisions"}],"predecessor-version":[{"id":61352,"href":"https:\/\/lahora.mx\/index.php\/wp-json\/wp\/v2\/posts\/61350\/revisions\/61352"}],"wp:featuredmedia":[{"embeddable":true,"href":"https:\/\/lahora.mx\/index.php\/wp-json\/wp\/v2\/media\/61351"}],"wp:attachment":[{"href":"https:\/\/lahora.mx\/index.php\/wp-json\/wp\/v2\/media?parent=61350"}],"wp:term":[{"taxonomy":"category","embeddable":true,"href":"https:\/\/lahora.mx\/index.php\/wp-json\/wp\/v2\/categories?post=61350"},{"taxonomy":"post_tag","embeddable":true,"href":"https:\/\/lahora.mx\/index.php\/wp-json\/wp\/v2\/tags?post=61350"}],"curies":[{"name":"wp","href":"https:\/\/api.w.org\/{rel}","templated":true}]}}