{"id":61301,"date":"2025-04-21T16:16:22","date_gmt":"2025-04-21T16:16:22","guid":{"rendered":"https:\/\/lahora.mx\/?p=61301"},"modified":"2025-04-21T16:16:23","modified_gmt":"2025-04-21T16:16:23","slug":"volcadura-de-camion-provoca-cierre-parcial-en-la-autopista-orizaba-puebla","status":"publish","type":"post","link":"https:\/\/lahora.mx\/index.php\/2025\/04\/21\/volcadura-de-camion-provoca-cierre-parcial-en-la-autopista-orizaba-puebla\/","title":{"rendered":"Volcadura de cami\u00f3n provoca cierre parcial en la autopista Orizaba\u2013Puebla"},"content":{"rendered":"\n<p><br>La noche del domingo 20 de abril, se registr\u00f3 un accidente en la&nbsp;<strong>autopista Orizaba\u2013Puebla<\/strong>, a la altura del&nbsp;<strong>kil\u00f3metro 231<\/strong>&nbsp;con direcci\u00f3n a&nbsp;<strong>Puebla<\/strong>, lo que provoc\u00f3 el&nbsp;<strong>cierre parcial de la vialidad<\/strong>&nbsp;y una fila de veh\u00edculos que se extendi\u00f3 por m\u00e1s de&nbsp;<strong>12 kil\u00f3metros<\/strong>.<\/p>\n\n\n\n<p>El incidente ocurri\u00f3 alrededor de las&nbsp;<strong>19:30 horas<\/strong>, cuando un&nbsp;<strong>cami\u00f3n tipo Torton<\/strong>&nbsp;que transportaba&nbsp;<strong>rejas de pollo<\/strong>&nbsp;volc\u00f3, bloqueando completamente el&nbsp;<strong>carril de alta velocidad<\/strong>.<\/p>\n\n\n\n<p>Seg\u00fan reportes del&nbsp;<strong>gremio transportista<\/strong>, el tr\u00e1fico se volvi\u00f3 lento en direcci\u00f3n a&nbsp;<strong>Puebla<\/strong>&nbsp;y al&nbsp;<strong>Estado de M\u00e9xico<\/strong>, afectando tanto a&nbsp;<strong>unidades de carga<\/strong>&nbsp;como a&nbsp;<strong>veh\u00edculos particulares<\/strong>, incluidos&nbsp;<strong>turistas<\/strong>&nbsp;que regresaban a casa tras el fin de semana.<\/p>\n\n\n\n<p>Elementos de la\u00a0<strong>Guardia Nacional, Divisi\u00f3n Carreteras<\/strong>, y personal de\u00a0<strong>CAPUFE<\/strong>\u00a0acudieron al lugar para coordinar las labores de atenci\u00f3n y control del tr\u00e1nsito. Hasta el momento, el\u00a0<strong>carril de baja velocidad<\/strong>\u00a0es el \u00fanico habilitado para la circulaci\u00f3n.<br><br>Las autoridades solicitaron a los automovilistas\u00a0<strong>manejar con\u00a0precauci\u00f3n<\/strong>\u00a0y\u00a0<strong>seguir las indicaciones<\/strong>\u00a0del personal que permanece en la zona.\u00a0<\/p>\n","protected":false},"excerpt":{"rendered":"<p>La noche del domingo 20 de abril, se registr\u00f3 un accidente en la&nbsp;autopista Orizaba\u2013Puebla, a la altura del&nbsp;kil\u00f3metro 231&nbsp;con direcci\u00f3n a&nbsp;Puebla, lo que provoc\u00f3 el&nbsp;cierre parcial de la vialidad&nbsp;y una fila de veh\u00edculos que se extendi\u00f3 por m\u00e1s de&nbsp;12 kil\u00f3metros. El incidente ocurri\u00f3 alrededor de las&nbsp;19:30 horas, cuando un&nbsp;cami\u00f3n tipo Torton&nbsp;que transportaba&nbsp;rejas de pollo&nbsp;volc\u00f3, bloqueando [&hellip;]<\/p>\n","protected":false},"author":4,"featured_media":61302,"comment_status":"open","ping_status":"open","sticky":false,"template":"","format":"standard","meta":{"om_disable_all_campaigns":false,"_monsterinsights_skip_tracking":false,"_monsterinsights_sitenote_active":false,"_monsterinsights_sitenote_note":"","_monsterinsights_sitenote_category":0,"footnotes":""},"categories":[175,226],"tags":[223],"class_list":["post-61301","post","type-post","status-publish","format-standard","has-post-thumbnail","hentry","category-local","category-policia","tag-puebla"],"amp_enabled":true,"_links":{"self":[{"href":"https:\/\/lahora.mx\/index.php\/wp-json\/wp\/v2\/posts\/61301","targetHints":{"allow":["GET"]}}],"collection":[{"href":"https:\/\/lahora.mx\/index.php\/wp-json\/wp\/v2\/posts"}],"about":[{"href":"https:\/\/lahora.mx\/index.php\/wp-json\/wp\/v2\/types\/post"}],"author":[{"embeddable":true,"href":"https:\/\/lahora.mx\/index.php\/wp-json\/wp\/v2\/users\/4"}],"replies":[{"embeddable":true,"href":"https:\/\/lahora.mx\/index.php\/wp-json\/wp\/v2\/comments?post=61301"}],"version-history":[{"count":1,"href":"https:\/\/lahora.mx\/index.php\/wp-json\/wp\/v2\/posts\/61301\/revisions"}],"predecessor-version":[{"id":61303,"href":"https:\/\/lahora.mx\/index.php\/wp-json\/wp\/v2\/posts\/61301\/revisions\/61303"}],"wp:featuredmedia":[{"embeddable":true,"href":"https:\/\/lahora.mx\/index.php\/wp-json\/wp\/v2\/media\/61302"}],"wp:attachment":[{"href":"https:\/\/lahora.mx\/index.php\/wp-json\/wp\/v2\/media?parent=61301"}],"wp:term":[{"taxonomy":"category","embeddable":true,"href":"https:\/\/lahora.mx\/index.php\/wp-json\/wp\/v2\/categories?post=61301"},{"taxonomy":"post_tag","embeddable":true,"href":"https:\/\/lahora.mx\/index.php\/wp-json\/wp\/v2\/tags?post=61301"}],"curies":[{"name":"wp","href":"https:\/\/api.w.org\/{rel}","templated":true}]}}