{"id":61295,"date":"2025-04-21T15:19:00","date_gmt":"2025-04-21T15:19:00","guid":{"rendered":"https:\/\/lahora.mx\/?p=61295"},"modified":"2025-04-21T15:19:00","modified_gmt":"2025-04-21T15:19:00","slug":"buscan-a-berenice-roman-desaparecida-en-puebla-desde-el-15-de-abril","status":"publish","type":"post","link":"https:\/\/lahora.mx\/index.php\/2025\/04\/21\/buscan-a-berenice-roman-desaparecida-en-puebla-desde-el-15-de-abril\/","title":{"rendered":"Buscan a Berenice Rom\u00e1n, desaparecida en Puebla desde el 15 de abril"},"content":{"rendered":"\n<p>La&nbsp;<strong>Fiscal\u00eda General del Estado de Puebla<\/strong>&nbsp;emiti\u00f3 un bolet\u00edn de b\u00fasqueda para localizar a&nbsp;<strong>Berenice Rom\u00e1n Silva<\/strong>, de&nbsp;<strong>41 a\u00f1os de edad<\/strong>, originaria del municipio de&nbsp;<strong>Palmar de Bravo<\/strong>, quien fue vista por \u00faltima vez el&nbsp;<strong>15 de abril de 2025<\/strong>&nbsp;en la ciudad de&nbsp;<strong>Puebla<\/strong>, y desde entonces se desconoce su paradero.<\/p>\n\n\n\n<p>La mujer es de\u00a0<strong>tez morena clara<\/strong>, tiene el\u00a0<strong>rostro ovalado<\/strong>,\u00a0<strong>ojos medianos<\/strong>\u00a0de color\u00a0<strong>casta\u00f1o oscuro<\/strong>,\u00a0<strong>cejas semipobladas<\/strong>,\u00a0<strong>nariz mediana<\/strong>,\u00a0<strong>boca mediana<\/strong>,\u00a0<strong>frente mediana<\/strong>,\u00a0<strong>ment\u00f3n ovalado<\/strong>,\u00a0<strong>labios delgados<\/strong>,\u00a0<strong>orejas medianas<\/strong>\u00a0con\u00a0<strong>l\u00f3bulos adheridos<\/strong>,\u00a0<strong>cabello largo y lacio<\/strong>\u00a0de color\u00a0<strong>casta\u00f1o oscuro<\/strong>,\u00a0<strong>complexi\u00f3n media<\/strong>\u00a0y una\u00a0<strong>estatura aproximada de 1.65 metros<\/strong>.<br><br>Como se\u00f1as particulares, presenta una\u00a0<strong>cicatriz de aproximadamente 7 cent\u00edmetros en el ment\u00f3n<\/strong>, un\u00a0<strong>lunar caf\u00e9 de alrededor de 5 cent\u00edmetros en la pierna derecha<\/strong>\u00a0y\u00a0<strong>usa lentes<\/strong>.<br><\/p>\n\n\n\n<p>Al momento de su desaparici\u00f3n, vest\u00eda una&nbsp;<strong>blusa morada<\/strong>,&nbsp;<strong>pantal\u00f3n de mezclilla azul marino<\/strong>,&nbsp;<strong>tenis azules<\/strong>&nbsp;y&nbsp;<strong>portaba una bolsa morada<\/strong>.<\/p>\n\n\n\n<p>Sus seres queridos indicaron que la \u00faltima comunicaci\u00f3n con ella fue el&nbsp;<strong>15 de abril del a\u00f1o en curso<\/strong>, v\u00eda telef\u00f3nica, cuando inform\u00f3 que se encontraba en la&nbsp;<strong>CAPU Sur<\/strong>&nbsp;de la ciudad de Puebla.<\/p>\n\n\n\n<p>Familiares solicitaron el apoyo de la ciudadan\u00eda para\u00a0<strong>proporcionar cualquier informaci\u00f3n<\/strong>\u00a0que pueda ayudar a dar con su\u00a0paradero.\u00a0Para ello, se puede llamar a los n\u00fameros\u00a0<strong>2222-46-3830<\/strong>\u00a0o\u00a0<strong>2226-82-1258<\/strong>.\u00a0<\/p>\n","protected":false},"excerpt":{"rendered":"<p>La&nbsp;Fiscal\u00eda General del Estado de Puebla&nbsp;emiti\u00f3 un bolet\u00edn de b\u00fasqueda para localizar a&nbsp;Berenice Rom\u00e1n Silva, de&nbsp;41 a\u00f1os de edad, originaria del municipio de&nbsp;Palmar de Bravo, quien fue vista por \u00faltima vez el&nbsp;15 de abril de 2025&nbsp;en la ciudad de&nbsp;Puebla, y desde entonces se desconoce su paradero. La mujer es de\u00a0tez morena clara, tiene el\u00a0rostro ovalado,\u00a0ojos [&hellip;]<\/p>\n","protected":false},"author":4,"featured_media":61296,"comment_status":"open","ping_status":"open","sticky":false,"template":"","format":"standard","meta":{"om_disable_all_campaigns":false,"_monsterinsights_skip_tracking":false,"_monsterinsights_sitenote_active":false,"_monsterinsights_sitenote_note":"","_monsterinsights_sitenote_category":0,"footnotes":""},"categories":[175,226],"tags":[223],"class_list":["post-61295","post","type-post","status-publish","format-standard","has-post-thumbnail","hentry","category-local","category-policia","tag-puebla"],"amp_enabled":true,"_links":{"self":[{"href":"https:\/\/lahora.mx\/index.php\/wp-json\/wp\/v2\/posts\/61295","targetHints":{"allow":["GET"]}}],"collection":[{"href":"https:\/\/lahora.mx\/index.php\/wp-json\/wp\/v2\/posts"}],"about":[{"href":"https:\/\/lahora.mx\/index.php\/wp-json\/wp\/v2\/types\/post"}],"author":[{"embeddable":true,"href":"https:\/\/lahora.mx\/index.php\/wp-json\/wp\/v2\/users\/4"}],"replies":[{"embeddable":true,"href":"https:\/\/lahora.mx\/index.php\/wp-json\/wp\/v2\/comments?post=61295"}],"version-history":[{"count":1,"href":"https:\/\/lahora.mx\/index.php\/wp-json\/wp\/v2\/posts\/61295\/revisions"}],"predecessor-version":[{"id":61297,"href":"https:\/\/lahora.mx\/index.php\/wp-json\/wp\/v2\/posts\/61295\/revisions\/61297"}],"wp:featuredmedia":[{"embeddable":true,"href":"https:\/\/lahora.mx\/index.php\/wp-json\/wp\/v2\/media\/61296"}],"wp:attachment":[{"href":"https:\/\/lahora.mx\/index.php\/wp-json\/wp\/v2\/media?parent=61295"}],"wp:term":[{"taxonomy":"category","embeddable":true,"href":"https:\/\/lahora.mx\/index.php\/wp-json\/wp\/v2\/categories?post=61295"},{"taxonomy":"post_tag","embeddable":true,"href":"https:\/\/lahora.mx\/index.php\/wp-json\/wp\/v2\/tags?post=61295"}],"curies":[{"name":"wp","href":"https:\/\/api.w.org\/{rel}","templated":true}]}}