{"id":6128,"date":"2022-04-27T20:06:02","date_gmt":"2022-04-27T20:06:02","guid":{"rendered":"http:\/\/lahora.mx\/?p=6128"},"modified":"2022-04-27T20:06:02","modified_gmt":"2022-04-27T20:06:02","slug":"el-proximo-miercoles-amlo-presentara-su-plan-para-combatir-la-inflacion","status":"publish","type":"post","link":"https:\/\/lahora.mx\/index.php\/2022\/04\/27\/el-proximo-miercoles-amlo-presentara-su-plan-para-combatir-la-inflacion\/","title":{"rendered":"El pr\u00f3ximo mi\u00e9rcoles AMLO presentar\u00e1 su plan para combatir la inflaci\u00f3n"},"content":{"rendered":"\n<p>Sin que haya control de precios, el presidente Andr\u00e9s Manuel L\u00f3pez Obrador\u00a0anunci\u00f3 que el pr\u00f3ximo mi\u00e9rcoles 4 de mayo dar\u00e1 a conocer el\u00a0<strong>plan para controlar la inflaci\u00f3n<\/strong>, y en donde habr\u00e1 precios de garant\u00eda \u201cprecios justos, parejos\u201d a 24 productos de la<strong>\u00a0canasta b\u00e1sica<\/strong>, como el ma\u00edz, frijol, arroz y leche.\u00a0<br>En conferencia de prensa matutina, el titular del Ejecutivo federal se\u00f1al\u00f3 que en este plan tambi\u00e9n incluye los precios de combustibles, los cuales adelant\u00f3 que no subir\u00e1n, e indic\u00f3 que en conversaciones que su gobierno mantiene con grandes productores y con grandes tiendas departamentales, asegur\u00f3 que casi todos est\u00e1n aceptando ayudar.\u00a0<br><\/p>\n\n\n\n<p>\u201cQuiero aprovechar (decir) a los mexicanos que en ocho d\u00edas, el mi\u00e9rcoles de la semana pr\u00f3xima, vamos a dar a conocer el plan anti inflacionario. Vamos a dar a conocer el plan para enfrentar el problema de la carest\u00eda. Estamos trabajando de manera conjunta al interior del gobierno, todas las \u00e1reas, esto tiene que ver con los precios de gasolinas, de gas, de di\u00e9sel, que les adelanto no van a aumentar, la luz tampoco, es parte de este plan, pero tambi\u00e9n estamos considerando el impulso a actividades productivas.&nbsp;<\/p>\n\n\n\n<p>\u201c\u00bfHabr\u00e1 control de precios\u201d?, se le pregunt\u00f3 en Palacio Nacional.<\/p>\n\n\n\n<p>\u201cNo control de precios, vamos a garantizar precios de garant\u00eda, vamos a garantizar precios justos &nbsp;-para no hablar con redundancia- en los b\u00e1sicos, precios de garant\u00eda que es otro instrumento importante en ma\u00edz, frijol, leche, arroz, es parte del plan.&nbsp;<\/p>\n\n\n\n<p>\u201cSin establecer control de precios estamos llegando a acuerdos con grandes productores de alimentos y con distribuidores, con las tiendas departamentales, con todas y est\u00e1n cooperando, casi todas est\u00e1n aceptando ayudar y lo que estamos proponiendo es que tengamos un precio parejo de una canasta b\u00e1sica que se pueda comprar al mismo precio en la Ciudad de M\u00e9xico o en Tijuana o en Valladolid o Tapachula, un precio justo. Es una contribuci\u00f3n de distribuidores y grandes tiendas departamentales que van a ayudarnos. Estamos definiendo que sean 24 productos b\u00e1sicos para que la gente m\u00e1s humilde no padezca y tenga garantizado lo b\u00e1sico a un precio justo\u201d, dijo.<\/p>\n","protected":false},"excerpt":{"rendered":"<p>Sin que haya control de precios, el presidente Andr\u00e9s Manuel L\u00f3pez Obrador\u00a0anunci\u00f3 que el pr\u00f3ximo mi\u00e9rcoles 4 de mayo dar\u00e1 a conocer el\u00a0plan para controlar la inflaci\u00f3n, y en donde habr\u00e1 precios de garant\u00eda \u201cprecios justos, parejos\u201d a 24 productos de la\u00a0canasta b\u00e1sica, como el ma\u00edz, frijol, arroz y leche.\u00a0En conferencia de prensa matutina, el [&hellip;]<\/p>\n","protected":false},"author":4,"featured_media":6129,"comment_status":"open","ping_status":"open","sticky":false,"template":"","format":"standard","meta":{"om_disable_all_campaigns":false,"_monsterinsights_skip_tracking":false,"_monsterinsights_sitenote_active":false,"_monsterinsights_sitenote_note":"","_monsterinsights_sitenote_category":0,"footnotes":""},"categories":[176],"tags":[],"class_list":["post-6128","post","type-post","status-publish","format-standard","has-post-thumbnail","hentry","category-nacional"],"amp_enabled":true,"_links":{"self":[{"href":"https:\/\/lahora.mx\/index.php\/wp-json\/wp\/v2\/posts\/6128","targetHints":{"allow":["GET"]}}],"collection":[{"href":"https:\/\/lahora.mx\/index.php\/wp-json\/wp\/v2\/posts"}],"about":[{"href":"https:\/\/lahora.mx\/index.php\/wp-json\/wp\/v2\/types\/post"}],"author":[{"embeddable":true,"href":"https:\/\/lahora.mx\/index.php\/wp-json\/wp\/v2\/users\/4"}],"replies":[{"embeddable":true,"href":"https:\/\/lahora.mx\/index.php\/wp-json\/wp\/v2\/comments?post=6128"}],"version-history":[{"count":1,"href":"https:\/\/lahora.mx\/index.php\/wp-json\/wp\/v2\/posts\/6128\/revisions"}],"predecessor-version":[{"id":6131,"href":"https:\/\/lahora.mx\/index.php\/wp-json\/wp\/v2\/posts\/6128\/revisions\/6131"}],"wp:featuredmedia":[{"embeddable":true,"href":"https:\/\/lahora.mx\/index.php\/wp-json\/wp\/v2\/media\/6129"}],"wp:attachment":[{"href":"https:\/\/lahora.mx\/index.php\/wp-json\/wp\/v2\/media?parent=6128"}],"wp:term":[{"taxonomy":"category","embeddable":true,"href":"https:\/\/lahora.mx\/index.php\/wp-json\/wp\/v2\/categories?post=6128"},{"taxonomy":"post_tag","embeddable":true,"href":"https:\/\/lahora.mx\/index.php\/wp-json\/wp\/v2\/tags?post=6128"}],"curies":[{"name":"wp","href":"https:\/\/api.w.org\/{rel}","templated":true}]}}