{"id":61254,"date":"2025-04-20T17:50:06","date_gmt":"2025-04-20T17:50:06","guid":{"rendered":"https:\/\/lahora.mx\/?p=61254"},"modified":"2025-04-20T17:59:14","modified_gmt":"2025-04-20T17:59:14","slug":"el-salvador-sistema-penitenciario-y-violacion-de-derechos-humanos","status":"publish","type":"post","link":"https:\/\/lahora.mx\/index.php\/2025\/04\/20\/el-salvador-sistema-penitenciario-y-violacion-de-derechos-humanos\/","title":{"rendered":"El Salvador: sistema penitenciario y violaci\u00f3n de derechos humanos"},"content":{"rendered":"\n<p>\u201cLas personas detenidas en el\u00a0<strong>sistema penitenciario\u00a0<\/strong>de<strong>\u00a0El Salvador<\/strong> est\u00e1n\u00a0<strong>aisladas del mundo exterior<\/strong>\u00a0y se les niega cualquier recurso legal cre\u00edble (\u2026)\u00a0<strong>Nayib Bukele<\/strong>\u00a0est\u00e1 ofreci\u00e9ndole a\u00a0<strong>Trump<\/strong>\u00a0una especie de\u00a0<strong>Guant\u00e1namo Centroamericano<\/strong>\u201d, advirti\u00f3 el Observatorio de Derechos Humanos (<strong>HRW<\/strong>, por sus siglas en ingl\u00e9s) el pasado 18 de marzo.<\/p>\n\n\n\n<p>El 31 de enero de 2023,\u00a0Nayib Bukele\u00a0inaugur\u00f3 el Centro de Confinamiento del Terrorismo (<strong>Cecot<\/strong>), que se lanz\u00f3 como s\u00edmbolo de la\u00a0<strong>Guerra contra las pandillas<\/strong>\u00a0con uso exclusivo para personas perfiladas como altos rangos por ser presuntas integrantes de\u00a0<strong>organizaciones criminales<\/strong>.<\/p>\n\n\n\n<p>\u00abTendr\u00e1 espacio para\u00a0<strong>40 mil terroristas<\/strong>, quienes estar\u00e1n\u00a0<strong>incomunicados<\/strong>\u00a0<strong>del mundo exterior<\/strong>\u00ab, confirm\u00f3 el presidente del pa\u00eds centroamericano previo a la creaci\u00f3n del\u00a0<strong>centro penitenciario.<\/strong><br><strong>Roberto Valencia<\/strong>, periodista salvadore\u00f1o, inform\u00f3 que\u00a0<strong>su extensi\u00f3n equivale a cinco veces el Z\u00f3calo\u00a0<\/strong>de Ciudad de M\u00e9xico (<strong>CDMX<\/strong>); 236 mil metros cuadrados (m2).<br><br>Los tres&nbsp;<strong>grupos delictivos<\/strong>&nbsp;principales que se registraron en&nbsp;<strong>El Salvador<\/strong>&nbsp;son la&nbsp;<strong>Mara Salvatrucha<\/strong>&nbsp;(MS-13) y las facciones&nbsp;<strong>Sure\u00f1os<\/strong>&nbsp;y&nbsp;<strong>Revolucionarios<\/strong>&nbsp;de&nbsp;<strong>Barrio 18<\/strong>.<\/p>\n\n\n\n<p>De acuerdo con la informaci\u00f3n gubernamental, el\u00a0Cecot\u00a0neg\u00f3 ventanas o extractores para los presos, pero los presuntos\u00a0<strong>pandilleros\u00a0<\/strong>s\u00ed tienen acceso con los siguientes elementos:<\/p>\n\n\n\n<p>Celdas con techo de malla con filos, tres muros de cemento y una pared de barrotes<\/p>\n\n\n\n<p>Pabellones de confinamiento con ocho m\u00f3dulos de 32 celdas cada uno de 5.446 m2<\/p>\n\n\n\n<p>Celdas de castigo con planchas de cemento como cama<\/p>\n\n\n\n<p>Sistema de videovigilancia con 19 torres de vigilancia<\/p>\n\n\n\n<p>Control de acceso con esc\u00e1ner corporal y de paquetes<\/p>\n\n\n\n<p>Cerco el\u00e9ctrico de mayor a 2 kil\u00f3metros de longitud y muros de concreto armado<br><br>\u00ab<strong>Ac\u00e1 no vienen instituciones externas\u00a0<\/strong>u Organizaciones No Gubernamentales (<strong>ONG\u2019s<\/strong>)\u00bb, afirmaron autoridades a cargo de la\u00a0<strong>megac\u00e1rcel<\/strong>\u00a0el 24 de febrero de 2023 cuando se revelaron\u00a0<strong>im\u00e1genes oficiales<\/strong>\u00a0que mostraron a personas corriendo\u00a0<strong>descalzas agachadas<\/strong>\u00a0y\u00a0<strong>semidesnudas<\/strong>, o bien, sometidas a vejaciones en masa.<br><br>El exviceministro salvadore\u00f1o,\u00a0<strong>Osiris Luna Meza<\/strong>, indic\u00f3 que en el\u00a0<strong>Cecot\u00a0<\/strong>no existen visitas \u00edntimas ni familiares: \u201c<strong>Eso est\u00e1 prohibido para este tipo de personas<\/strong>\u00ab.<br><strong>Miguel Sarre<\/strong>&nbsp;<strong>Igu\u00edniz<\/strong>, exmiembro del Subcomit\u00e9 de las Naciones Unidas para la Prevenci\u00f3n de la Tortura, advirti\u00f3 que la incomunicaci\u00f3n con la familia provoca la&nbsp;<strong>extensi\u00f3n del confinamiento a personas inocentes<\/strong>&nbsp;y que el&nbsp;<strong>Cecot<\/strong>&nbsp;era un mecanismo de castigo meramente punitivo.<\/p>\n\n\n\n<p>\u201cEs un&nbsp;<strong>moridero de concreto<\/strong>&nbsp;y de acero (\u2026) para&nbsp;<strong>eliminar a las personas sin aplicar formalmente la pena de muerte<\/strong>\u00ab, declar\u00f3<strong>Miguel<\/strong>&nbsp;<strong>Sarre<\/strong>&nbsp;en una entrevista de 2023 para&nbsp;<strong><em>BBC Mundo<\/em><\/strong>.<\/p>\n\n\n\n<p>Organismos internacionales denunciaron que desde 2020&nbsp;<strong>Nayib<\/strong><strong>Bukele<\/strong>&nbsp;<strong>aprob\u00f3 el asesinato<\/strong>&nbsp;o arresto de toda persona considerada&nbsp;<strong>peligrosa o sospechosa<\/strong>&nbsp;por la&nbsp;<strong>Fuerza Armada<\/strong>&nbsp;y Polic\u00eda Nacional Civil (<strong>PNC<\/strong>), \u00f3rganos del Estado que por a\u00f1os se acusaron por abusos de poder y&nbsp;<strong>violaciones&nbsp;<\/strong>a los<strong>&nbsp;derechos humanos<\/strong>.<\/p>\n\n\n\n<p>La\u00a0<strong>PNC<\/strong>\u00a0es presunta responsable de la\u00a0<strong>muerte de cuatro beb\u00e9s<\/strong>\u00a0y presenta probabilidades altas de ocultar cad\u00e1veres de\u00a0<strong>presos fallecidos<\/strong>\u00a0en fosas comunes, anunci\u00f3 la organizaci\u00f3n Socorro Jur\u00eddico Humanitario (<strong>SJH<\/strong>) a finales de diciembre de 2024.<br><br>Tan s\u00f3lo dos a\u00f1os despu\u00e9s, el 27 de marzo de 2022, la Asamblea Legislativa de&nbsp;<strong>El Salvador&nbsp;<\/strong>aprob\u00f3 el r\u00e9gimen de<strong>&nbsp;estado de excepci\u00f3n<\/strong>, instrumento jur\u00eddico temporal que se consiente \u00fanicamente en circunstancias extraordinarias.<\/p>\n\n\n\n<p>Seg\u00fan la Constituci\u00f3n de la Rep\u00fablica de&nbsp;<strong>El Salvador,<\/strong>&nbsp;este r\u00e9gimen permite al Estado&nbsp;<strong>suspender las garant\u00edas<\/strong>&nbsp;establecidas en incisos espec\u00edficos de los art\u00edculos 5, 6, 7 y 24, los cuales atienden a&nbsp;<strong>derechos constitucionales<\/strong>.<\/p>\n\n\n\n<p>El 4 de marzo de este a\u00f1o, el Ejecutivo de la administraci\u00f3n de&nbsp;<strong>Nayib Bukele<\/strong>&nbsp;ampli\u00f3 el&nbsp;<strong>estado de excepci\u00f3n por trig\u00e9sima sexta vez<\/strong>; este r\u00e9gimen se convirti\u00f3 en una herramienta de control social, estim\u00f3&nbsp;<strong>Antonio Palacio<\/strong>, cofundador de la organizaci\u00f3n&nbsp;<strong>SJH<\/strong>.<\/p>\n\n\n\n<p>\u201c<strong>94 por ciento (de presos en el Cecot) no ten\u00eda antecedentes penales<\/strong>, ni hab\u00eda estado procesado por ninguna causa relacionada con\u00a0<strong>pandillas<\/strong>\u201d, recalc\u00f3\u00a0<strong>SJH<\/strong>\u00a0en el marco de la trig\u00e9sima quinta ampliaci\u00f3n del r\u00e9gimen que suspende determinados derechos constitucionales.<br><br>El 27 de marzo de 2025 el&nbsp;<strong>estado de excepci\u00f3n<\/strong>&nbsp;cumpli\u00f3 tres a\u00f1os de permanecer en vigor en&nbsp;<strong>El Salvador<\/strong>.<\/p>\n\n\n\n<h2 class=\"wp-block-heading\"><strong>\u00bfCecot para exterminio de pandillas?<\/strong><\/h2>\n\n\n\n<p>Contrario al objetivo del centro penitenciario&nbsp;<strong>Cecot<\/strong>&nbsp;para uso exclusivo de&nbsp;<strong>exterminio de pandillas<\/strong>,&nbsp;<strong>Nayib Bukele<\/strong>&nbsp;recibi\u00f3 seis millones de d\u00f3lares del gobierno estadunidense para confinar por un a\u00f1o a&nbsp;<strong>300 migrantes deportados de Estados Unidos<\/strong>, se\u00f1al\u00f3 el medio AP.<\/p>\n\n\n\n<p>El<strong>\u00a0HRW<\/strong>\u00a0evidenci\u00f3 que la realidad del\u00a0<strong>Cecot<\/strong>\u00a0\u2014a la que Maduro llam\u00f3\u00a0<strong>campo de concentraci\u00f3n<\/strong>\u00a0el pasado 2 de abril\u2014 dista del centro de rehabilitaci\u00f3n moderna que el mandatario salvadore\u00f1o presume.<br><br>\u201c<strong>Human Rights Watch<\/strong>\u00a0entrevist\u00f3 a varias personas liberadas de estas\u00a0<strong>prisiones<\/strong>\u00a0y a decenas que tienen familiares encarcelados (\u2026) revelan condiciones deplorables de detenci\u00f3n,\u00a0<strong>torturas<\/strong>\u00a0y\u00a0<strong>muertes bajo custodia<\/strong>\u201d, revel\u00f3 la organizaci\u00f3n independiente el 17 de marzo de 2025.<br><br><strong>ONG\u2019s<\/strong>\u00a0indicaron que las\u00a0<strong>megac\u00e1rceles<\/strong>\u00a0que\u00a0<strong>El Salvador<\/strong>\u00a0prest\u00f3 a Estados Unidos desde mediados de marzo para contener\u00a0<strong>personas deportadas<\/strong>\u00a0son\u00a0<strong>centros de confinamientopotencialmente mortales<\/strong>.<br><\/p>\n\n\n\n<p>Testimonios de familiares y sobrevivientes del sistema penitenciario recopilados desde 2020 hasta finales de marzo de este a\u00f1o documentaron que en el<strong>&nbsp;Cecot hay golpizas de dos grupos principales<\/strong>: una de fuerzas policiales y otra de fuerzas policiales con otros presos.<\/p>\n\n\n\n<p>Al menos durante una hora, autoridades de la<strong>\u00a0megac\u00e1rcel golpean con macanas<\/strong>\u00a0a los reci\u00e9n detenidos y, posteriormente, los mismos\u00a0<strong>polic\u00edas<\/strong>\u00a0junto a otros\u00a0<strong>detenidos<\/strong>\u00a0atacan diariamente en\u00a0<strong>s\u00f3tanos oscuros<\/strong>\u00a0a los presos nuevos; las\u00a0<strong>v\u00edctimas mueren<\/strong>\u00a0o terminan con \u00f3rganos o huesos afectados de gravedad.<br><br>Las&nbsp;<strong>violaciones a los derechos humanos<\/strong>&nbsp;principales que se cometen en los centros de detenci\u00f3n de&nbsp;<strong>Nayib Bukele<\/strong>&nbsp;seg\u00fan los salvadore\u00f1os entrevistados por&nbsp;<strong>HRW<\/strong>&nbsp;son los siguientes.<\/p>\n\n\n\n<p>Muertes bajo custodia a causa de negligencia y violencias antes, durante y despu\u00e9s del encarcelamiento<br><br>Desapariciones forzadas y torturas<\/p>\n\n\n\n<p>Celdas sobrepobladas: los encarcelados nuevos duermen en el suelo o de pie, condiciones potencialmente mortales, seg\u00fan el Departamento de Estado de Estados Unidos (DOS, por sus siglas en ingl\u00e9s)<\/p>\n\n\n\n<p>Condiciones con plagas de enfermedades: tuberculosis, infecciones de la piel causadas por hongos, desnutrici\u00f3n severa y trastornos digestivos cr\u00f3nicos, confesaron m\u00e9dicos que ingresaron a la megac\u00e1rcel<\/p>\n\n\n\n<p>Encarcelamiento de ni\u00f1os a partir de los 12 a\u00f1os de edad<\/p>\n\n\n\n<p>Elaboraci\u00f3n de perfiles delincuenciales falsos para justificar detenciones arbitrarias del PNC<\/p>\n\n\n\n<p>Prohibido establecer contacto visual con cualquier persona o comunicarse entre s\u00ed con se\u00f1as, con la justificaci\u00f3n de que hay pandillas operando adentro de las c\u00e1rceles<br><br><strong>Tasa de encarcelamiento de El Salvador<\/strong><\/p>\n\n\n\n<p>Informaci\u00f3n con corte de 20 de febrero de 2025 de\u00a0<strong><em>Statista<\/em><\/strong>, portal de estad\u00edstica, revel\u00f3 que a nivel mundial\u00a0<strong>El Salvador<\/strong>\u00a0<strong>es<\/strong>\u00a0<strong>el pa\u00eds con<\/strong>\u00a0<strong>mayor tasa de encarcelamiento<\/strong>: mil 600 personas presas por cada 100 mil habitantes de la poblaci\u00f3n nacional, por encima de\u00a0<strong>Cuba<\/strong>, Ruanda,\u00a0<strong>Turkmenist\u00e1n<\/strong>\u00a0y Estados Unidos.<br><br>De acuerdo con el&nbsp;<strong>HRW<\/strong>&nbsp;desde 2020 la administraci\u00f3n de&nbsp;<strong>Nayib Bukele<\/strong>&nbsp;excluy\u00f3 de todo conteo a<strong>&nbsp;ni\u00f1os encarcelados<\/strong>, por lo que el registro total por a\u00f1o podr\u00eda tener una diferencia de al menos&nbsp;<strong>mil 600 casos<\/strong>.<\/p>\n\n\n\n<p>Otras&nbsp;<strong>ONG\u2019s<\/strong>&nbsp;mencionaron que a\u00fan las&nbsp;<strong>cifras oficiales de adultos presos<\/strong>&nbsp;podr\u00edan presentar irregularidades por decisi\u00f3n misma de&nbsp;<strong>El Salvador<\/strong>.&nbsp;<\/p>\n\n\n\n<p><\/p>\n","protected":false},"excerpt":{"rendered":"<p>\u201cLas personas detenidas en el\u00a0sistema penitenciario\u00a0de\u00a0El Salvador est\u00e1n\u00a0aisladas del mundo exterior\u00a0y se les niega cualquier recurso legal cre\u00edble (\u2026)\u00a0Nayib Bukele\u00a0est\u00e1 ofreci\u00e9ndole a\u00a0Trump\u00a0una especie de\u00a0Guant\u00e1namo Centroamericano\u201d, advirti\u00f3 el Observatorio de Derechos Humanos (HRW, por sus siglas en ingl\u00e9s) el pasado 18 de marzo. El 31 de enero de 2023,\u00a0Nayib Bukele\u00a0inaugur\u00f3 el Centro de Confinamiento del Terrorismo [&hellip;]<\/p>\n","protected":false},"author":4,"featured_media":61255,"comment_status":"open","ping_status":"open","sticky":false,"template":"","format":"standard","meta":{"om_disable_all_campaigns":false,"_monsterinsights_skip_tracking":false,"_monsterinsights_sitenote_active":false,"_monsterinsights_sitenote_note":"","_monsterinsights_sitenote_category":0,"footnotes":""},"categories":[183],"tags":[223],"class_list":["post-61254","post","type-post","status-publish","format-standard","has-post-thumbnail","hentry","category-internacional","tag-puebla"],"amp_enabled":true,"_links":{"self":[{"href":"https:\/\/lahora.mx\/index.php\/wp-json\/wp\/v2\/posts\/61254","targetHints":{"allow":["GET"]}}],"collection":[{"href":"https:\/\/lahora.mx\/index.php\/wp-json\/wp\/v2\/posts"}],"about":[{"href":"https:\/\/lahora.mx\/index.php\/wp-json\/wp\/v2\/types\/post"}],"author":[{"embeddable":true,"href":"https:\/\/lahora.mx\/index.php\/wp-json\/wp\/v2\/users\/4"}],"replies":[{"embeddable":true,"href":"https:\/\/lahora.mx\/index.php\/wp-json\/wp\/v2\/comments?post=61254"}],"version-history":[{"count":2,"href":"https:\/\/lahora.mx\/index.php\/wp-json\/wp\/v2\/posts\/61254\/revisions"}],"predecessor-version":[{"id":61258,"href":"https:\/\/lahora.mx\/index.php\/wp-json\/wp\/v2\/posts\/61254\/revisions\/61258"}],"wp:featuredmedia":[{"embeddable":true,"href":"https:\/\/lahora.mx\/index.php\/wp-json\/wp\/v2\/media\/61255"}],"wp:attachment":[{"href":"https:\/\/lahora.mx\/index.php\/wp-json\/wp\/v2\/media?parent=61254"}],"wp:term":[{"taxonomy":"category","embeddable":true,"href":"https:\/\/lahora.mx\/index.php\/wp-json\/wp\/v2\/categories?post=61254"},{"taxonomy":"post_tag","embeddable":true,"href":"https:\/\/lahora.mx\/index.php\/wp-json\/wp\/v2\/tags?post=61254"}],"curies":[{"name":"wp","href":"https:\/\/api.w.org\/{rel}","templated":true}]}}