{"id":61250,"date":"2025-04-20T17:41:04","date_gmt":"2025-04-20T17:41:04","guid":{"rendered":"https:\/\/lahora.mx\/?p=61250"},"modified":"2025-04-20T17:41:05","modified_gmt":"2025-04-20T17:41:05","slug":"se-manifiestan-miles-de-personas-en-eu-contra-gobierno-de-trum","status":"publish","type":"post","link":"https:\/\/lahora.mx\/index.php\/2025\/04\/20\/se-manifiestan-miles-de-personas-en-eu-contra-gobierno-de-trum\/","title":{"rendered":"Se manifiestan miles de personas en EU contra gobierno de Trum"},"content":{"rendered":"\n<p class=\"wp-block-paragraph\">Miles de\u00a0<strong>manifestantes<\/strong><strong>tomaron las calles<\/strong>\u00a0este s\u00e1bado en varias ciudades estadounidenses durante lo que describieron como parte del\u00a0<strong>\u00abD\u00eda Nacional de Acci\u00f3n\u00bb<\/strong>contra las\u00a0<strong>pol\u00edticas<\/strong>\u00a0del presidente\u00a0Donald Trump y otras amenazas que se perciben sobre la democracia.<\/p>\n\n\n\n<p class=\"wp-block-paragraph\">Organizadas con motivo del 250 aniversario del inicio de la&nbsp;<strong>Guerra Revolucionaria de EU<\/strong>&nbsp;las&nbsp;<strong>manifestaciones<\/strong>&nbsp;fueron desde&nbsp;<strong>marchas<\/strong>&nbsp;por el centro de&nbsp;<strong>Manhattan<\/strong>&nbsp;hasta concentraciones&nbsp;<strong>fuera de la Casa Blanca<\/strong>, en Washington D.C., trazando paralelismos entre los hist\u00f3ricos llamamientos a la libertad y las actuales demandas de&nbsp;<strong>rendici\u00f3n de cuentas desde el Gobierno<\/strong>.<\/p>\n\n\n\n<p class=\"wp-block-paragraph\">En\u00a0<strong>Nueva York<\/strong>, la gente se manifest\u00f3 fuera de la biblioteca principal con\u00a0<strong>pancartas contra el presidente estadounidense<\/strong>, que rezaban\u00a0<strong>\u00abNo a los reyes en EE.UU.\u00bb<\/strong>\u00a0o \u00abResistir la tiran\u00eda\u00bb. En\u00a0<strong>Chicago<\/strong>, los manifestantes, que coreaban otros esl\u00f3ganes como \u00abProteger nuestra democracia\u00bb,\u00a0<strong>marcharon<\/strong>\u00a0cruzando la sede del ayuntamiento. Y, en\u00a0<strong>San Francisco,<\/strong>\u00a0los participantes formaron una pancarta humana donde se pod\u00eda leer\u00a0<strong>\u00abImpugnaci\u00f3n y destituci\u00f3n\u00bb sobre Ocean Beach<\/strong>.<br>Los\u00a0<strong>manifestantes<\/strong>\u00a0portaban mensajes denunciando las\u00a0<strong>deportaciones expr\u00e9s<\/strong>\u00a0de\u00a0inmigrantes, los\u00a0<strong>despidos masivos<\/strong>dentro del Gobierno federal o recortes en oficinas de la Seguridad Social; mientras que otros tambi\u00e9n dieron su apoyo a los\u00a0<strong>derechos transg\u00e9nero<\/strong>\u00a0y pol\u00edticas clim\u00e1ticas m\u00e1s contundentes.<\/p>\n\n\n\n<p class=\"wp-block-paragraph\">\u00abAtravesamos una&nbsp;<strong>situaci\u00f3n sin precedentes<\/strong>&nbsp;y peligrosa en EE. UU.\u00bb, dijo Raymond Lotta, economista pol\u00edtico y escritor.<\/p>\n\n\n\n<p class=\"wp-block-paragraph\">La administraci\u00f3n\u00a0<strong>Trump<\/strong>\u00a0\u00abest\u00e1 movi\u00e9ndose r\u00e1pidamente para\u00a0<strong>consolidar el poder<\/strong>, llevar adelante su horrible agenda,\u00a0<strong>rodear a los\u00a0inmigrantes<\/strong>\u00a0y\u00a0<strong>declarar la guerra<\/strong>\u00a0contra las universidades, una guerra contra la ciencia.\u00a0<strong>Est\u00e1n destrozando el imperio de la ley<\/strong>\u00ab, se\u00f1al\u00f3.<br><br><strong>Trump est\u00e1 haciendo cosas ilegales<\/strong>\u00a0y deber\u00eda parar\u00bb, declar\u00f3 otro manifestante que s\u00f3lo se quiso identificar como\u00a0<strong>George<\/strong>, quien portaba una pancarta donde pon\u00eda\u00a0<strong>\u00abDeportar a Trump\u00bb<\/strong>, expresando as\u00ed su enfado.<\/p>\n\n\n\n<p class=\"wp-block-paragraph\">Denunciando la actual\u00a0<strong>guerra comercial<\/strong>\u00a0como \u00abinnecesaria\u00bb,\u00a0<strong>Chris<\/strong>, otro manifestante que solo dio su nombre, coment\u00f3 que \u00abel\u00a0<strong>uso de\u00a0aranceles<\/strong>\u00a0est\u00e1 haciendo da\u00f1o a nuestra econom\u00eda. Sobre todo,\u00a0<strong>est\u00e1 da\u00f1ando a la econom\u00eda global<\/strong>. Est\u00e1 provocando mucha\u00a0<strong>perturbaci\u00f3n<\/strong>\u00a0en todo el mundo\u00bb.<\/p>\n\n\n\n<p class=\"wp-block-paragraph\">\u00abYa estamos viendo los primeros signos de una&nbsp;<strong>recesi\u00f3n<\/strong>\u00ab, a\u00f1adi\u00f3 Chris, que llevaba una pancarta donde pon\u00eda&nbsp;<strong>\u00abAranceles equivalen a recesi\u00f3n\u00bb.<\/strong><\/p>\n\n\n\n<p class=\"wp-block-paragraph\">Entre tanto, algunos grupos se dedicaron a ofrecer\u00a0<strong>servicios comunitarios<\/strong>, organizar entregas de comida, charlas y\u00a0<strong>trabajos voluntarios<\/strong>\u00a0en las casetas locales.<br>Analistas pol\u00edticos se\u00f1alaron que las\u00a0<strong>manifestaciones del s\u00e1bado<\/strong>supusieron la segunda mayor\u00a0<strong>movilizaci\u00f3n contra la administraci\u00f3n Trump<\/strong>\u00a0en abril, tras la ola anterior del 5 de abril, reflejando una\u00a0<strong>frustraci\u00f3n<\/strong>\u00a0cada vez m\u00e1s profundamente arraigada hacia lo que los manifestantes perciben como una erosi\u00f3n de los controles y\u00a0<strong>equilibrios del poder<\/strong>.<\/p>\n","protected":false},"excerpt":{"rendered":"<p>Miles de\u00a0manifestantestomaron las calles\u00a0este s\u00e1bado en varias ciudades estadounidenses durante lo que describieron como parte del\u00a0\u00abD\u00eda Nacional de Acci\u00f3n\u00bbcontra las\u00a0pol\u00edticas\u00a0del presidente\u00a0Donald Trump y otras amenazas que se perciben sobre la democracia. Organizadas con motivo del 250 aniversario del inicio de la&nbsp;Guerra Revolucionaria de EU&nbsp;las&nbsp;manifestaciones&nbsp;fueron desde&nbsp;marchas&nbsp;por el centro de&nbsp;Manhattan&nbsp;hasta concentraciones&nbsp;fuera de la Casa Blanca, en Washington [&hellip;]<\/p>\n","protected":false},"author":4,"featured_media":61252,"comment_status":"open","ping_status":"open","sticky":false,"template":"","format":"standard","meta":{"om_disable_all_campaigns":false,"_monsterinsights_skip_tracking":false,"footnotes":""},"categories":[183],"tags":[],"class_list":["post-61250","post","type-post","status-publish","format-standard","has-post-thumbnail","hentry","category-internacional"],"amp_enabled":true,"_links":{"self":[{"href":"https:\/\/lahora.mx\/index.php\/wp-json\/wp\/v2\/posts\/61250","targetHints":{"allow":["GET"]}}],"collection":[{"href":"https:\/\/lahora.mx\/index.php\/wp-json\/wp\/v2\/posts"}],"about":[{"href":"https:\/\/lahora.mx\/index.php\/wp-json\/wp\/v2\/types\/post"}],"author":[{"embeddable":true,"href":"https:\/\/lahora.mx\/index.php\/wp-json\/wp\/v2\/users\/4"}],"replies":[{"embeddable":true,"href":"https:\/\/lahora.mx\/index.php\/wp-json\/wp\/v2\/comments?post=61250"}],"version-history":[{"count":1,"href":"https:\/\/lahora.mx\/index.php\/wp-json\/wp\/v2\/posts\/61250\/revisions"}],"predecessor-version":[{"id":61253,"href":"https:\/\/lahora.mx\/index.php\/wp-json\/wp\/v2\/posts\/61250\/revisions\/61253"}],"wp:featuredmedia":[{"embeddable":true,"href":"https:\/\/lahora.mx\/index.php\/wp-json\/wp\/v2\/media\/61252"}],"wp:attachment":[{"href":"https:\/\/lahora.mx\/index.php\/wp-json\/wp\/v2\/media?parent=61250"}],"wp:term":[{"taxonomy":"category","embeddable":true,"href":"https:\/\/lahora.mx\/index.php\/wp-json\/wp\/v2\/categories?post=61250"},{"taxonomy":"post_tag","embeddable":true,"href":"https:\/\/lahora.mx\/index.php\/wp-json\/wp\/v2\/tags?post=61250"}],"curies":[{"name":"wp","href":"https:\/\/api.w.org\/{rel}","templated":true}]}}