{"id":61238,"date":"2025-04-19T00:17:26","date_gmt":"2025-04-19T00:17:26","guid":{"rendered":"https:\/\/lahora.mx\/?p=61238"},"modified":"2025-04-19T00:17:27","modified_gmt":"2025-04-19T00:17:27","slug":"tiroteo-en-florida-sospechoso-uso-arma-de-su-madre-oficial-del-sheriff","status":"publish","type":"post","link":"https:\/\/lahora.mx\/index.php\/2025\/04\/19\/tiroteo-en-florida-sospechoso-uso-arma-de-su-madre-oficial-del-sheriff\/","title":{"rendered":"Tiroteo en Florida: sospechoso us\u00f3 arma de su madre, oficial del sheriff"},"content":{"rendered":"\n<p class=\"wp-block-paragraph\">El sospechoso, identificado como\u00a0<strong>Phoenix Ikner<\/strong>, un\u00a0<strong>estudiante de 20 a\u00f1os<\/strong>\u00a0e\u00a0<strong>hijo de una agente del sheriff<\/strong>, utiliz\u00f3 el\u00a0arma de su madre para llevar a cabo el ataque, en el que\u00a0<strong>asesin\u00f3 a dos persona<\/strong>s e hiri\u00f3 a otras seis, el\u00a0<strong>17 de abril<\/strong>, en la Universidad Estatal de Florida\u00a0<strong>(FSU).<\/strong><\/p>\n\n\n\n<p class=\"wp-block-paragraph\">El sospechoso tambi\u00e9n fue herido durante el enfrentamiento con la polic\u00eda y permanece hospitalizado con lesiones, seg\u00fan el&nbsp;<strong>jefe de polic\u00eda de Tallahassee<\/strong>, Lawrence Revell.<\/p>\n\n\n\n<p class=\"wp-block-paragraph\"><strong>Ikner<\/strong>&nbsp;era estudiante de&nbsp;<strong>ciencias pol\u00edticas en la FSU<\/strong>&nbsp;e hijo de&nbsp;<strong>Jessica Ikner<\/strong>, una alguacil que cuenta con 18 a\u00f1os de servicio en el<strong>&nbsp;condado de Le\u00f3n<\/strong>. El sheriff&nbsp;<strong>Walt McNeil<\/strong>, jefe de Polic\u00eda del Condado de Le\u00f3n, la describi\u00f3 como una profesional \u201cexcepcional\u201d.<\/p>\n\n\n\n<p class=\"wp-block-paragraph\">El joven tuvo acceso a una pistola que fue\u00a0arma de servicio de su madre, la cual adquiri\u00f3 legalmente.<br>Las autoridades\u00a0<strong>recuperaron tres armas en la escena<\/strong>, una de ellas la mencionada pistola. McNeil mencion\u00f3 que Ikner tiene conocimientos sobre armas, porque era miembro del\u00a0<strong>Consejo Asesor Juvenil del sheriff<\/strong>\u00a0y particip\u00f3 en programas de\u00a0entrenamiento policial .<\/p>\n\n\n\n<p class=\"wp-block-paragraph\"><strong>Ikner<\/strong>, quien&nbsp;<strong>se registr\u00f3 como republicano en 2022<\/strong>, ten\u00eda un perfil de Instagram, en el que se describ\u00eda como \u201cviajero, amante de la historia y adicto al caf\u00e9\u201d, e inclu\u00eda un vers\u00edculo b\u00edblico: \u201cJerem\u00edas 51:20\u201d. Tras su detenci\u00f3n,&nbsp;<strong>decidi\u00f3 no declarar.<\/strong><\/p>\n\n\n\n<p class=\"wp-block-paragraph\"><strong>Reid Seybold<\/strong>, estudiante de la FSU, declar\u00f3 a CNN que&nbsp;<strong>coincidi\u00f3 con Phoenix Ikner<\/strong>, en un&nbsp;<strong>club pol\u00edtico extracurricular<\/strong>, a\u00f1os atr\u00e1s.<\/p>\n\n\n\n<p class=\"wp-block-paragraph\"><strong>Ikner<\/strong>\u00a0tuvo que abandonar ese grupo porque ten\u00eda un comportamiento que inquietaba a otros. Sus comentarios \u201csobrepasaban el\u00a0conservadurismo \u201d, mencion\u00f3 Seybold.<br><br>\u201cHab\u00eda incomodado a tanta gente que algunos dejaron de asistir. Fue entonces cuando llegamos a un punto cr\u00edtico con Phoenix y le pedimos que se fuera\u201d, declar\u00f3 Reid a\u00a0<strong>Omar Jim\u00e9nez<\/strong>\u00a0de CNN.<\/p>\n\n\n\n<h2 class=\"wp-block-heading\"><strong>El contexto del tiroteo<\/strong><\/h2>\n\n\n\n<p class=\"wp-block-paragraph\"><strong>El incidente<\/strong>&nbsp;ocurri\u00f3 cerca del mediod\u00eda en las&nbsp;<strong>inmediaciones del edificio<\/strong>&nbsp;de la uni\u00f3n estudiantil de la FSU, un campus que alberga a m\u00e1s de&nbsp;<strong>40 mil estudiantes<\/strong>.<\/p>\n\n\n\n<p class=\"wp-block-paragraph\">La universidad emiti\u00f3 una\u00a0<strong>alerta de \u201ctirador activo\u201d<\/strong>\u00a0a las\u00a0<strong>12:02 horas<\/strong>, instando a estudiantes y personal a refugiarse, mientras la polic\u00eda aseguraba el \u00e1rea.<br><br>La instituci\u00f3n permaneci\u00f3 en confinamiento durante tres horas hasta que se declar\u00f3 que el campus seguro. Las autoridades a\u00fan no han dado a conocer el m\u00f3vil del\u00a0tiroteo.<\/p>\n\n\n\n<p class=\"wp-block-paragraph\"><strong>Aidan Stickney<\/strong>, un estudiante de&nbsp;<strong>21 a\u00f1os<\/strong>&nbsp;de administraci\u00f3n de empresas, cont\u00f3 en una entrevista que, previo al ataque, vio a un hombre salir de un coche con una escopeta y apuntar a otro hombre con una camiseta polo blanca, pero su arma se atasc\u00f3.<\/p>\n\n\n\n<p class=\"wp-block-paragraph\">Luego de esto, el sujeto del arma regres\u00f3 a su auto y sali\u00f3 con una\u00a0pistola, agrediendo a una mujer.<\/p>\n","protected":false},"excerpt":{"rendered":"<p>El sospechoso, identificado como\u00a0Phoenix Ikner, un\u00a0estudiante de 20 a\u00f1os\u00a0e\u00a0hijo de una agente del sheriff, utiliz\u00f3 el\u00a0arma de su madre para llevar a cabo el ataque, en el que\u00a0asesin\u00f3 a dos personas e hiri\u00f3 a otras seis, el\u00a017 de abril, en la Universidad Estatal de Florida\u00a0(FSU). El sospechoso tambi\u00e9n fue herido durante el enfrentamiento con la [&hellip;]<\/p>\n","protected":false},"author":4,"featured_media":61239,"comment_status":"open","ping_status":"open","sticky":false,"template":"","format":"standard","meta":{"om_disable_all_campaigns":false,"_monsterinsights_skip_tracking":false,"footnotes":""},"categories":[183,226],"tags":[],"class_list":["post-61238","post","type-post","status-publish","format-standard","has-post-thumbnail","hentry","category-internacional","category-policia"],"amp_enabled":true,"_links":{"self":[{"href":"https:\/\/lahora.mx\/index.php\/wp-json\/wp\/v2\/posts\/61238","targetHints":{"allow":["GET"]}}],"collection":[{"href":"https:\/\/lahora.mx\/index.php\/wp-json\/wp\/v2\/posts"}],"about":[{"href":"https:\/\/lahora.mx\/index.php\/wp-json\/wp\/v2\/types\/post"}],"author":[{"embeddable":true,"href":"https:\/\/lahora.mx\/index.php\/wp-json\/wp\/v2\/users\/4"}],"replies":[{"embeddable":true,"href":"https:\/\/lahora.mx\/index.php\/wp-json\/wp\/v2\/comments?post=61238"}],"version-history":[{"count":1,"href":"https:\/\/lahora.mx\/index.php\/wp-json\/wp\/v2\/posts\/61238\/revisions"}],"predecessor-version":[{"id":61240,"href":"https:\/\/lahora.mx\/index.php\/wp-json\/wp\/v2\/posts\/61238\/revisions\/61240"}],"wp:featuredmedia":[{"embeddable":true,"href":"https:\/\/lahora.mx\/index.php\/wp-json\/wp\/v2\/media\/61239"}],"wp:attachment":[{"href":"https:\/\/lahora.mx\/index.php\/wp-json\/wp\/v2\/media?parent=61238"}],"wp:term":[{"taxonomy":"category","embeddable":true,"href":"https:\/\/lahora.mx\/index.php\/wp-json\/wp\/v2\/categories?post=61238"},{"taxonomy":"post_tag","embeddable":true,"href":"https:\/\/lahora.mx\/index.php\/wp-json\/wp\/v2\/tags?post=61238"}],"curies":[{"name":"wp","href":"https:\/\/api.w.org\/{rel}","templated":true}]}}