{"id":6121,"date":"2022-04-27T20:00:49","date_gmt":"2022-04-27T20:00:49","guid":{"rendered":"http:\/\/lahora.mx\/?p=6121"},"modified":"2022-04-27T20:02:18","modified_gmt":"2022-04-27T20:02:18","slug":"se-reportan-varios-muertos-por-enfrentamiento-en-planta-de-tula-de-cruz-azul","status":"publish","type":"post","link":"https:\/\/lahora.mx\/index.php\/2022\/04\/27\/se-reportan-varios-muertos-por-enfrentamiento-en-planta-de-tula-de-cruz-azul\/","title":{"rendered":"Se reportan varios muertos por enfrentamiento en planta de Tula de Cruz Azul"},"content":{"rendered":"\n<p>Un enfrentamiento entre&nbsp;<strong>cooperativistas<\/strong>&nbsp;e integrantes de un grupo de choque de la disidencia en la planta cementera de&nbsp;<strong>Cruz Azul,<\/strong>&nbsp;&nbsp;dej\u00f3 varias personas son vida, lesionados por arma de fuego, as\u00ed como la quema de veh\u00edculos.&nbsp;<br><\/p>\n\n\n\n<p>La madrugada de este d\u00eda arribaron a la planta<strong>&nbsp;17 autobuses<\/strong>&nbsp;donde se transportaba un grupo de choque &nbsp;quienes intentaron &nbsp;ingresar en el acceso tres de la planta, donde se dieron las agresiones con arma de fuego.&nbsp;<\/p>\n\n\n\n<p>As\u00ed tambi\u00e9n fueron vandalizadas &nbsp;las instalaciones.&nbsp;<\/p>\n\n\n\n<p>Esta madrugada alrededor de las cuatro de la ma\u00f1ana se prendieron las alertas en la &nbsp;ciudad cooperativa donde los trabajadores y pobladores bloquearon los accesos, prendieron cohetes e hicieron sonar el silbato de la f\u00e1brica, ante la presencia de grupos ajenos al lugar.&nbsp;<br><\/p>\n\n\n\n<p>Al arribo de los sujetos se dieron las agresiones y&nbsp;<strong>uno de los trabajadores&nbsp;<\/strong>vecino de la comunidad de Pueblo Nuevo, fue herido de bala quien posteriormente se inform\u00f3&nbsp;<strong>perdi\u00f3 la vida<\/strong>, de acuerdo a testigos.&nbsp;<\/p>\n\n\n\n<p>Sin embargo, la Procuradur\u00eda de Justicia lleva a cabo el procesamiento del lugar para determinar el n\u00famero de personas fallecidas y lesionadas en traslado a cl\u00ednicas, para su atenci\u00f3n tras el enfrentamiento en la planta cementera. &nbsp;<\/p>\n\n\n\n<p>\u00abDerivado de los hechos de violencia, las fuerzas de seguridad resguardan la zona y autoridades de la Procuradur\u00eda General de Justicia de Hidalgo lleva a cabo el procesamiento del lugar para determinar el n\u00famero de personas fallecidas y lesionados en traslado a cl\u00ednicas para su atenci\u00f3n\u00bb, se lee en el comunicado.<br>&nbsp;<\/p>\n","protected":false},"excerpt":{"rendered":"<p>Un enfrentamiento entre&nbsp;cooperativistas&nbsp;e integrantes de un grupo de choque de la disidencia en la planta cementera de&nbsp;Cruz Azul,&nbsp;&nbsp;dej\u00f3 varias personas son vida, lesionados por arma de fuego, as\u00ed como la quema de veh\u00edculos.&nbsp; La madrugada de este d\u00eda arribaron a la planta&nbsp;17 autobuses&nbsp;donde se transportaba un grupo de choque &nbsp;quienes intentaron &nbsp;ingresar en el acceso [&hellip;]<\/p>\n","protected":false},"author":4,"featured_media":6125,"comment_status":"open","ping_status":"open","sticky":false,"template":"","format":"standard","meta":{"om_disable_all_campaigns":false,"_monsterinsights_skip_tracking":false,"_monsterinsights_sitenote_active":false,"_monsterinsights_sitenote_note":"","_monsterinsights_sitenote_category":0,"footnotes":""},"categories":[176],"tags":[],"class_list":["post-6121","post","type-post","status-publish","format-standard","has-post-thumbnail","hentry","category-nacional"],"amp_enabled":true,"_links":{"self":[{"href":"https:\/\/lahora.mx\/index.php\/wp-json\/wp\/v2\/posts\/6121","targetHints":{"allow":["GET"]}}],"collection":[{"href":"https:\/\/lahora.mx\/index.php\/wp-json\/wp\/v2\/posts"}],"about":[{"href":"https:\/\/lahora.mx\/index.php\/wp-json\/wp\/v2\/types\/post"}],"author":[{"embeddable":true,"href":"https:\/\/lahora.mx\/index.php\/wp-json\/wp\/v2\/users\/4"}],"replies":[{"embeddable":true,"href":"https:\/\/lahora.mx\/index.php\/wp-json\/wp\/v2\/comments?post=6121"}],"version-history":[{"count":2,"href":"https:\/\/lahora.mx\/index.php\/wp-json\/wp\/v2\/posts\/6121\/revisions"}],"predecessor-version":[{"id":6126,"href":"https:\/\/lahora.mx\/index.php\/wp-json\/wp\/v2\/posts\/6121\/revisions\/6126"}],"wp:featuredmedia":[{"embeddable":true,"href":"https:\/\/lahora.mx\/index.php\/wp-json\/wp\/v2\/media\/6125"}],"wp:attachment":[{"href":"https:\/\/lahora.mx\/index.php\/wp-json\/wp\/v2\/media?parent=6121"}],"wp:term":[{"taxonomy":"category","embeddable":true,"href":"https:\/\/lahora.mx\/index.php\/wp-json\/wp\/v2\/categories?post=6121"},{"taxonomy":"post_tag","embeddable":true,"href":"https:\/\/lahora.mx\/index.php\/wp-json\/wp\/v2\/tags?post=6121"}],"curies":[{"name":"wp","href":"https:\/\/api.w.org\/{rel}","templated":true}]}}