{"id":61207,"date":"2025-04-17T02:34:23","date_gmt":"2025-04-17T02:34:23","guid":{"rendered":"https:\/\/lahora.mx\/?p=61207"},"modified":"2025-04-17T02:34:24","modified_gmt":"2025-04-17T02:34:24","slug":"pozo-vandalizado-afecta-suministro-de-agua-en-san-andres-cholula","status":"publish","type":"post","link":"https:\/\/lahora.mx\/index.php\/2025\/04\/17\/pozo-vandalizado-afecta-suministro-de-agua-en-san-andres-cholula\/","title":{"rendered":"Pozo vandalizado afecta suministro de agua en San Andr\u00e9s Cholula"},"content":{"rendered":"\n<p>Al menos\u00a0<strong>nueve zonas\u00a0<\/strong>del municipio de<strong>\u00a0San Andr\u00e9s Cholula <\/strong>\u00a0permanecer\u00e1n\u00a0<strong>sin suministro de agua potable<\/strong> hasta el\u00a0<strong>viernes 18 de abril<\/strong>, debido a\u00a0<strong>actos vand\u00e1licos<\/strong>detectados en un pozo de abastecimiento, inform\u00f3 el Ayuntamiento local.<\/p>\n\n\n\n<p>A trav\u00e9s de un&nbsp;<strong>comunicado oficial<\/strong>, la autoridad municipal detall\u00f3 que la afectaci\u00f3n impide la&nbsp;<strong>distribuci\u00f3n de agua&nbsp;<\/strong>a trav\u00e9s de la red, lo cual ha dejado sin servicio a varios sectores, administrados por la&nbsp;<strong>Secretar\u00eda de Agua Potable, Drenaje y Alcantarillado<\/strong>.<\/p>\n\n\n\n<p>Las zonas afectadas son las siguientes:<\/p>\n\n\n\n<ul class=\"wp-block-list\">\n<li>Calles 24 de Febrero y Camino a San Antonio Cacalotepec<\/li>\n\n\n\n<li>Radial a Zapata<\/li>\n\n\n\n<li>Tlatlauquitepec<\/li>\n\n\n\n<li>4 Norte y Emiliano Zapata en San Rafael Comac<\/li>\n\n\n\n<li>15 y 19 Poniente, Colonia Centro<\/li>\n\n\n\n<li>3 Sur, Colonia Centro<\/li>\n\n\n\n<li>Colonia Coyotepec<\/li>\n\n\n\n<li>Radial a Tlaxcalancingo<\/li>\n\n\n\n<li>Calle Tlaxcalantzin en Tlaxcalancingo<br><br>El Ayuntamiento exhort\u00f3 a los habitantes de estas \u00e1reas a\u00a0<strong>hacer uso racional del agua disponible<\/strong>, mientras se realizan las\u00a0<strong>acciones de reparaci\u00f3n<\/strong>\u00a0correspondientes.<\/li>\n\n\n\n<li>\u201cSe solicita atentamente a la comunidad su comprensi\u00f3n ante esta situaci\u00f3n y se les exhorta a tomar las precauciones necesarias para el uso racional del agua disponible\u201d, indica el comunicado.\u00a0<\/li>\n<\/ul>\n","protected":false},"excerpt":{"rendered":"<p>Al menos\u00a0nueve zonas\u00a0del municipio de\u00a0San Andr\u00e9s Cholula \u00a0permanecer\u00e1n\u00a0sin suministro de agua potable hasta el\u00a0viernes 18 de abril, debido a\u00a0actos vand\u00e1licosdetectados en un pozo de abastecimiento, inform\u00f3 el Ayuntamiento local. A trav\u00e9s de un&nbsp;comunicado oficial, la autoridad municipal detall\u00f3 que la afectaci\u00f3n impide la&nbsp;distribuci\u00f3n de agua&nbsp;a trav\u00e9s de la red, lo cual ha dejado sin servicio [&hellip;]<\/p>\n","protected":false},"author":4,"featured_media":61208,"comment_status":"open","ping_status":"open","sticky":false,"template":"","format":"standard","meta":{"om_disable_all_campaigns":false,"_monsterinsights_skip_tracking":false,"_monsterinsights_sitenote_active":false,"_monsterinsights_sitenote_note":"","_monsterinsights_sitenote_category":0,"footnotes":""},"categories":[175],"tags":[234,223],"class_list":["post-61207","post","type-post","status-publish","format-standard","has-post-thumbnail","hentry","category-local","tag-cholula","tag-puebla"],"amp_enabled":true,"_links":{"self":[{"href":"https:\/\/lahora.mx\/index.php\/wp-json\/wp\/v2\/posts\/61207","targetHints":{"allow":["GET"]}}],"collection":[{"href":"https:\/\/lahora.mx\/index.php\/wp-json\/wp\/v2\/posts"}],"about":[{"href":"https:\/\/lahora.mx\/index.php\/wp-json\/wp\/v2\/types\/post"}],"author":[{"embeddable":true,"href":"https:\/\/lahora.mx\/index.php\/wp-json\/wp\/v2\/users\/4"}],"replies":[{"embeddable":true,"href":"https:\/\/lahora.mx\/index.php\/wp-json\/wp\/v2\/comments?post=61207"}],"version-history":[{"count":1,"href":"https:\/\/lahora.mx\/index.php\/wp-json\/wp\/v2\/posts\/61207\/revisions"}],"predecessor-version":[{"id":61209,"href":"https:\/\/lahora.mx\/index.php\/wp-json\/wp\/v2\/posts\/61207\/revisions\/61209"}],"wp:featuredmedia":[{"embeddable":true,"href":"https:\/\/lahora.mx\/index.php\/wp-json\/wp\/v2\/media\/61208"}],"wp:attachment":[{"href":"https:\/\/lahora.mx\/index.php\/wp-json\/wp\/v2\/media?parent=61207"}],"wp:term":[{"taxonomy":"category","embeddable":true,"href":"https:\/\/lahora.mx\/index.php\/wp-json\/wp\/v2\/categories?post=61207"},{"taxonomy":"post_tag","embeddable":true,"href":"https:\/\/lahora.mx\/index.php\/wp-json\/wp\/v2\/tags?post=61207"}],"curies":[{"name":"wp","href":"https:\/\/api.w.org\/{rel}","templated":true}]}}