{"id":61201,"date":"2025-04-17T02:30:04","date_gmt":"2025-04-17T02:30:04","guid":{"rendered":"https:\/\/lahora.mx\/?p=61201"},"modified":"2025-04-17T02:30:05","modified_gmt":"2025-04-17T02:30:05","slug":"pago-de-utilidades-en-volkswagen-previsto-para-el-16-de-mayo","status":"publish","type":"post","link":"https:\/\/lahora.mx\/index.php\/2025\/04\/17\/pago-de-utilidades-en-volkswagen-previsto-para-el-16-de-mayo\/","title":{"rendered":"Pago de utilidades en Volkswagen, previsto para el 16 de mayo"},"content":{"rendered":"\n<p><br>El\u00a0<strong>16 de mayo<\/strong>\u00a0ser\u00eda la fecha en que la firma alemana\u00a0<strong>Volkswagen de Puebla<\/strong> pague las\u00a0<strong>utilidades<\/strong>\u00a0a sus trabajadores.<\/p>\n\n\n\n<p>De acuerdo con fuentes al interior de la armadora, esta es la\u00a0<strong>fecha tentativa<\/strong>\u00a0que les han indicado para obtener su derecho a\u00a0<strong>recibir una parte de las ganancias<\/strong>\u00a0de la\u00a0empresa.<\/p>\n\n\n\n<p>La fuente consultada indic\u00f3 que los trabajadores tienen derecho a lo equivalente a&nbsp;<strong>90 d\u00edas<\/strong>; sin embargo, lo correspondiente a 72 d\u00edas se los pagar\u00e1n en mayo y los 18 d\u00edas restantes hasta diciembre, junto con el&nbsp;<strong>aguinaldo<\/strong>.<\/p>\n\n\n\n<p>Asimismo, refirieron que el monto con el que cuenta\u00a0<strong>Volkswagen<\/strong>para el pago de las utilidades es de\u00a0<strong>122 millones 742 mil 248 pesos<\/strong>.<br>sta bolsa se dividir\u00e1 entre los\u00a0<strong>13 mil 695 trabajadoras y trabajadores<\/strong>, de los cuales 7 mil 265 son parte del\u00a0<strong>Sindicato Independiente de Trabajadores de la Industria Automotriz Volkswagen<\/strong>\u00a0(SITIAVW).<\/p>\n\n\n\n<p>De igual manera indicaron que sigue en disputa un&nbsp;<strong>remanente de 14 millones de pesos<\/strong>&nbsp;que se podr\u00edan sumar al monto final para este derecho laboral.<\/p>\n\n\n\n<p>Actualmente la&nbsp;<strong>industria automotriz de M\u00e9xico<\/strong>&nbsp;est\u00e1 en incertidumbre por los&nbsp;<strong>aranceles de Estados Unidos<\/strong>&nbsp;a todos los autom\u00f3viles importados.<\/p>\n\n\n\n<p>Por esta raz\u00f3n, las utilidades del\u00a0<strong>ejercicio fiscal 2024<\/strong>\u00a0ser\u00edan las \u00faltimas que no se vean afectadas por esta medida, ya que de no llegar a un\u00a0<strong>acuerdo con Estados Unidos<\/strong>\u00a0las utilidades del\u00a0ejercicio fiscal 2025\u00a0y las pr\u00f3ximas revisiones salariales se podr\u00edan ver afectadas por esta medida.\u00a0<\/p>\n","protected":false},"excerpt":{"rendered":"<p>El\u00a016 de mayo\u00a0ser\u00eda la fecha en que la firma alemana\u00a0Volkswagen de Puebla pague las\u00a0utilidades\u00a0a sus trabajadores. De acuerdo con fuentes al interior de la armadora, esta es la\u00a0fecha tentativa\u00a0que les han indicado para obtener su derecho a\u00a0recibir una parte de las ganancias\u00a0de la\u00a0empresa. La fuente consultada indic\u00f3 que los trabajadores tienen derecho a lo equivalente [&hellip;]<\/p>\n","protected":false},"author":4,"featured_media":61202,"comment_status":"open","ping_status":"open","sticky":false,"template":"","format":"standard","meta":{"om_disable_all_campaigns":false,"_monsterinsights_skip_tracking":false,"_monsterinsights_sitenote_active":false,"_monsterinsights_sitenote_note":"","_monsterinsights_sitenote_category":0,"footnotes":""},"categories":[175],"tags":[223],"class_list":["post-61201","post","type-post","status-publish","format-standard","has-post-thumbnail","hentry","category-local","tag-puebla"],"amp_enabled":true,"_links":{"self":[{"href":"https:\/\/lahora.mx\/index.php\/wp-json\/wp\/v2\/posts\/61201","targetHints":{"allow":["GET"]}}],"collection":[{"href":"https:\/\/lahora.mx\/index.php\/wp-json\/wp\/v2\/posts"}],"about":[{"href":"https:\/\/lahora.mx\/index.php\/wp-json\/wp\/v2\/types\/post"}],"author":[{"embeddable":true,"href":"https:\/\/lahora.mx\/index.php\/wp-json\/wp\/v2\/users\/4"}],"replies":[{"embeddable":true,"href":"https:\/\/lahora.mx\/index.php\/wp-json\/wp\/v2\/comments?post=61201"}],"version-history":[{"count":1,"href":"https:\/\/lahora.mx\/index.php\/wp-json\/wp\/v2\/posts\/61201\/revisions"}],"predecessor-version":[{"id":61203,"href":"https:\/\/lahora.mx\/index.php\/wp-json\/wp\/v2\/posts\/61201\/revisions\/61203"}],"wp:featuredmedia":[{"embeddable":true,"href":"https:\/\/lahora.mx\/index.php\/wp-json\/wp\/v2\/media\/61202"}],"wp:attachment":[{"href":"https:\/\/lahora.mx\/index.php\/wp-json\/wp\/v2\/media?parent=61201"}],"wp:term":[{"taxonomy":"category","embeddable":true,"href":"https:\/\/lahora.mx\/index.php\/wp-json\/wp\/v2\/categories?post=61201"},{"taxonomy":"post_tag","embeddable":true,"href":"https:\/\/lahora.mx\/index.php\/wp-json\/wp\/v2\/tags?post=61201"}],"curies":[{"name":"wp","href":"https:\/\/api.w.org\/{rel}","templated":true}]}}