{"id":61192,"date":"2025-04-16T19:09:25","date_gmt":"2025-04-16T19:09:25","guid":{"rendered":"https:\/\/lahora.mx\/?p=61192"},"modified":"2025-04-16T19:09:26","modified_gmt":"2025-04-16T19:09:26","slug":"carlos-rivera-abre-su-casa-como-refugio-y-centro-de-acopio-ante-incendio-en-tlaxcala","status":"publish","type":"post","link":"https:\/\/lahora.mx\/index.php\/2025\/04\/16\/carlos-rivera-abre-su-casa-como-refugio-y-centro-de-acopio-ante-incendio-en-tlaxcala\/","title":{"rendered":"Carlos Rivera abre su casa como refugio y centro de acopio ante incendio en Tlaxcala"},"content":{"rendered":"\n<p><strong>Carlos Rivera mostr\u00f3 su compromiso con su tierra natal al convertir la casa de su familia paterna<\/strong>\u00a0en un centro de acopio y refugio temporal para los afectados por\u00a0<strong>el incendio forestal en\u00a0Atltzayanca Tlaxcala.<\/strong><\/p>\n\n\n\n<p>Procedente de Huamantla,&nbsp;<strong>Rivera expres\u00f3 su apoyo y tristeza por la situaci\u00f3n en la regi\u00f3n oriental del estado<\/strong>&nbsp;a trav\u00e9s de su cuenta oficial de Instagram, compartiendo un video del incendio en sus historias.<\/p>\n\n\n\n<blockquote class=\"wp-block-quote is-layout-flow wp-block-quote-is-layout-flow\">\n<p><strong>\u201cQu\u00e9 dolor ver esto que est\u00e1 pasando en mi querida Altzayanca, Tlaxcala\u2026 Me duele el coraz\u00f3n que muchas familias est\u00e1n perdiendo sus casas y sus animalitos. Dios los proteja y que esto se pueda detener cuanto antes. Estamos viendo la manera para poder ayudar a los afectados con lo que podamos\u201d.<\/strong><\/p>\n<\/blockquote>\n\n\n\n<p><strong>El artista reiter\u00f3 su apoyo a los residentes de Atltzayanca desde la vivienda de su abuela<\/strong>. Donde han acondicionado el lugar para recibir a<strong>limentos y ofrecer refugio seguro a quienes lo necesiten.<\/strong><\/p>\n\n\n\n<blockquote class=\"wp-block-quote is-layout-flow wp-block-quote-is-layout-flow\">\n<p><strong>\u201cHemos tra\u00eddo todo lo que hemos podido, todo lo que nos cupo, para poder ayudar a toda la gente que lo necesita. Sabemos que hay much\u00edsima gente afectada por los incendios. Esta casa est\u00e1 abierta para quien lo necesite\u201d.<\/strong><\/p>\n<\/blockquote>\n\n\n\n<p><strong>Rivera inform\u00f3 que parte de los suministros recolectados se destinar\u00e1<\/strong>&nbsp;a los brigadistas que combaten el incendio y a las familias afectadas.<\/p>\n\n\n\n<p>Adem\u00e1s, buscar\u00e1 establecer canales oficiales&nbsp;<strong>para organizar la entrega de donaciones y facilitar la colaboraci\u00f3n de m\u00e1s personas.<\/strong><\/p>\n\n\n\n<p>Los incendios han devastado la flora de la zona,&nbsp;<strong>afectando viviendas, ganado y los medios de vida de muchas familias.<\/strong><\/p>\n\n\n\n<p>Las autoridades estatales y municipales,&nbsp;<strong>con la ayuda de voluntarios, han realizado esfuerzos significativos para controlar las llamas,&nbsp;<\/strong>aunque las condiciones clim\u00e1ticas adversas han complicado estas tareas.<\/p>\n\n\n\n<p>En redes sociales reconocieron&nbsp;<strong>la labor de Carlos Rivera, donde sus seguidores y ciudadanos de Tlaxcala expresaron su agradecimiento y orgullo.<\/strong><\/p>\n\n\n\n<p>Este gesto de solidaridad complementa&nbsp;<strong>las iniciativas sociales de Rivera, reforzando su v\u00ednculo con Tlaxcala y las cuestiones que impactan a su comunidad.<\/strong><\/p>\n","protected":false},"excerpt":{"rendered":"<p>Carlos Rivera mostr\u00f3 su compromiso con su tierra natal al convertir la casa de su familia paterna\u00a0en un centro de acopio y refugio temporal para los afectados por\u00a0el incendio forestal en\u00a0Atltzayanca Tlaxcala. Procedente de Huamantla,&nbsp;Rivera expres\u00f3 su apoyo y tristeza por la situaci\u00f3n en la regi\u00f3n oriental del estado&nbsp;a trav\u00e9s de su cuenta oficial de [&hellip;]<\/p>\n","protected":false},"author":4,"featured_media":61193,"comment_status":"open","ping_status":"open","sticky":false,"template":"","format":"standard","meta":{"om_disable_all_campaigns":false,"_monsterinsights_skip_tracking":false,"_monsterinsights_sitenote_active":false,"_monsterinsights_sitenote_note":"","_monsterinsights_sitenote_category":0,"footnotes":""},"categories":[175],"tags":[210],"class_list":["post-61192","post","type-post","status-publish","format-standard","has-post-thumbnail","hentry","category-local","tag-tlaxcala"],"amp_enabled":true,"_links":{"self":[{"href":"https:\/\/lahora.mx\/index.php\/wp-json\/wp\/v2\/posts\/61192","targetHints":{"allow":["GET"]}}],"collection":[{"href":"https:\/\/lahora.mx\/index.php\/wp-json\/wp\/v2\/posts"}],"about":[{"href":"https:\/\/lahora.mx\/index.php\/wp-json\/wp\/v2\/types\/post"}],"author":[{"embeddable":true,"href":"https:\/\/lahora.mx\/index.php\/wp-json\/wp\/v2\/users\/4"}],"replies":[{"embeddable":true,"href":"https:\/\/lahora.mx\/index.php\/wp-json\/wp\/v2\/comments?post=61192"}],"version-history":[{"count":1,"href":"https:\/\/lahora.mx\/index.php\/wp-json\/wp\/v2\/posts\/61192\/revisions"}],"predecessor-version":[{"id":61194,"href":"https:\/\/lahora.mx\/index.php\/wp-json\/wp\/v2\/posts\/61192\/revisions\/61194"}],"wp:featuredmedia":[{"embeddable":true,"href":"https:\/\/lahora.mx\/index.php\/wp-json\/wp\/v2\/media\/61193"}],"wp:attachment":[{"href":"https:\/\/lahora.mx\/index.php\/wp-json\/wp\/v2\/media?parent=61192"}],"wp:term":[{"taxonomy":"category","embeddable":true,"href":"https:\/\/lahora.mx\/index.php\/wp-json\/wp\/v2\/categories?post=61192"},{"taxonomy":"post_tag","embeddable":true,"href":"https:\/\/lahora.mx\/index.php\/wp-json\/wp\/v2\/tags?post=61192"}],"curies":[{"name":"wp","href":"https:\/\/api.w.org\/{rel}","templated":true}]}}