{"id":61189,"date":"2025-04-16T18:52:04","date_gmt":"2025-04-16T18:52:04","guid":{"rendered":"https:\/\/lahora.mx\/?p=61189"},"modified":"2025-04-16T18:52:04","modified_gmt":"2025-04-16T18:52:04","slug":"con-armenta-el-combate-al-feminicidio-es-una-realidad-presidenta-sheinbaum","status":"publish","type":"post","link":"https:\/\/lahora.mx\/index.php\/2025\/04\/16\/con-armenta-el-combate-al-feminicidio-es-una-realidad-presidenta-sheinbaum\/","title":{"rendered":"Con Armenta el combate al feminicidio es una realidad: presidenta\u00a0Sheinbaum"},"content":{"rendered":"\n<p><strong>Alejandro Armenta est\u00e1 haciendo muy buen trabajo, asegur\u00f3 la presidenta\u00a0Claudia Sheinbaum,<\/strong>\u00a0pues destac\u00f3 que en Puebla el combate al feminicidio es una realidad.<\/p>\n\n\n\n<p>Lo anterior, con la detenci\u00f3n de\u00a0<strong>Diego Alberto G., por el delito de feminicidio en contra de la joven\u00a0Estefan\u00eda Rodr\u00edguez ocurri\u00f3 en Xicotepc,<\/strong>\u00a0y posteriormente fue vinculado a proceso.<\/p>\n\n\n\n<p>Durante la \u201c<strong>Ma\u00f1anera\u201d, la mandataria federal reconoci\u00f3 la atenci\u00f3n cercana<\/strong>&nbsp;que tuvo el gobernador Alejandro Armenta el d\u00eda de ayer con los familiares de Fanny.<\/p>\n\n\n\n<p>Asimismo, se\u00f1al\u00f3 que los trabajos se deben a&nbsp;<strong>una manera coordinada con la fiscal\u00eda pues se tienen que hacer las investigaciones&nbsp;<\/strong>correspondientes para dar con los resultados.<\/p>\n\n\n\n<blockquote class=\"wp-block-quote is-layout-flow wp-block-quote-is-layout-flow\">\n<p><strong>\u201cEn el caso de Puebla, Alejandro Armenta est\u00e1 haciendo muy buen trabajo y la fiscal tambi\u00e9n tiene que hacer la investigaci\u00f3n alrededor, porque tiene que ver ejemplos\u201d, mencion\u00f3.<\/strong><\/p>\n<\/blockquote>\n\n\n\n<p>En ese sentido,&nbsp;<strong>se\u00f1al\u00f3 que en M\u00e9xico debe de haber cero impunidades en los feminicidios<\/strong>, ya que no se puede culpar a una mujer o victimizar de haber sido v\u00edctima de un homicidio.<\/p>\n","protected":false},"excerpt":{"rendered":"<p>Alejandro Armenta est\u00e1 haciendo muy buen trabajo, asegur\u00f3 la presidenta\u00a0Claudia Sheinbaum,\u00a0pues destac\u00f3 que en Puebla el combate al feminicidio es una realidad. Lo anterior, con la detenci\u00f3n de\u00a0Diego Alberto G., por el delito de feminicidio en contra de la joven\u00a0Estefan\u00eda Rodr\u00edguez ocurri\u00f3 en Xicotepc,\u00a0y posteriormente fue vinculado a proceso. Durante la \u201cMa\u00f1anera\u201d, la mandataria federal [&hellip;]<\/p>\n","protected":false},"author":4,"featured_media":61190,"comment_status":"open","ping_status":"open","sticky":false,"template":"","format":"standard","meta":{"om_disable_all_campaigns":false,"_monsterinsights_skip_tracking":false,"_monsterinsights_sitenote_active":false,"_monsterinsights_sitenote_note":"","_monsterinsights_sitenote_category":0,"footnotes":""},"categories":[175],"tags":[223],"class_list":["post-61189","post","type-post","status-publish","format-standard","has-post-thumbnail","hentry","category-local","tag-puebla"],"amp_enabled":true,"_links":{"self":[{"href":"https:\/\/lahora.mx\/index.php\/wp-json\/wp\/v2\/posts\/61189","targetHints":{"allow":["GET"]}}],"collection":[{"href":"https:\/\/lahora.mx\/index.php\/wp-json\/wp\/v2\/posts"}],"about":[{"href":"https:\/\/lahora.mx\/index.php\/wp-json\/wp\/v2\/types\/post"}],"author":[{"embeddable":true,"href":"https:\/\/lahora.mx\/index.php\/wp-json\/wp\/v2\/users\/4"}],"replies":[{"embeddable":true,"href":"https:\/\/lahora.mx\/index.php\/wp-json\/wp\/v2\/comments?post=61189"}],"version-history":[{"count":1,"href":"https:\/\/lahora.mx\/index.php\/wp-json\/wp\/v2\/posts\/61189\/revisions"}],"predecessor-version":[{"id":61191,"href":"https:\/\/lahora.mx\/index.php\/wp-json\/wp\/v2\/posts\/61189\/revisions\/61191"}],"wp:featuredmedia":[{"embeddable":true,"href":"https:\/\/lahora.mx\/index.php\/wp-json\/wp\/v2\/media\/61190"}],"wp:attachment":[{"href":"https:\/\/lahora.mx\/index.php\/wp-json\/wp\/v2\/media?parent=61189"}],"wp:term":[{"taxonomy":"category","embeddable":true,"href":"https:\/\/lahora.mx\/index.php\/wp-json\/wp\/v2\/categories?post=61189"},{"taxonomy":"post_tag","embeddable":true,"href":"https:\/\/lahora.mx\/index.php\/wp-json\/wp\/v2\/tags?post=61189"}],"curies":[{"name":"wp","href":"https:\/\/api.w.org\/{rel}","templated":true}]}}