{"id":61186,"date":"2025-04-16T18:48:08","date_gmt":"2025-04-16T18:48:08","guid":{"rendered":"https:\/\/lahora.mx\/?p=61186"},"modified":"2025-04-16T18:48:08","modified_gmt":"2025-04-16T18:48:08","slug":"confirman-que-9-detenidos-en-lomas-y-cuautlancingo-tienen-relacion-con-el-tiradero-de-cuerpos-de-la-barredora","status":"publish","type":"post","link":"https:\/\/lahora.mx\/index.php\/2025\/04\/16\/confirman-que-9-detenidos-en-lomas-y-cuautlancingo-tienen-relacion-con-el-tiradero-de-cuerpos-de-la-barredora\/","title":{"rendered":"Confirman que 9 detenidos en Lomas y Cuautlancingo tienen relaci\u00f3n con el tiradero de cuerpos de La Barredora"},"content":{"rendered":"\n<p>Las\u00a0nueve personas detenidas en Lomas de Angel\u00f3polis\u00a0est\u00e1n ligadas con el hallazgo de los cinco cuerpos encontrados en\u00a0<strong>Los Fuertes,<\/strong>\u00a0inform\u00f3 el\u00a0<strong>Vicealmirante Francisco S\u00e1nchez.<\/strong><\/p>\n\n\n\n<p>En entrevista, el titular de la&nbsp;<strong>SSP&nbsp;<\/strong>se\u00f1al\u00f3 que la aprehensi\u00f3n fue una labor coordinada con los&nbsp;<strong>tres niveles de gobierno,<\/strong>&nbsp;pues se analiz\u00f3 cierta informaci\u00f3n para llevar a cabo el operativo.<\/p>\n\n\n\n<p><\/p>\n\n\n\n<p>Asimismo, destac\u00f3 que las investigaciones contin\u00faan por parte de la&nbsp;<strong>Fiscal\u00eda<\/strong>&nbsp;por lo que pidi\u00f3 paciencia, ya que&nbsp;<strong>pr\u00f3ximamente dar\u00e1n a conocer informaci\u00f3n al respecto.<\/strong><\/p>\n\n\n\n<blockquote class=\"wp-block-quote is-layout-flow wp-block-quote-is-layout-flow\">\n<p><strong>\u201cS\u00ed, s\u00ed est\u00e1n ligados al tema obviamente todav\u00eda seguimos trabajando, no ha concluido esa operaci\u00f3n. Tengan calma, tengan paciencia.\u201d, se\u00f1al\u00f3.<\/strong><\/p>\n<\/blockquote>\n\n\n\n<p>Fue el lunes pasado cuando siete hombres y dos mujeres fueron detenidos por autoridades en dos optativos, siendo el primero en<strong>&nbsp;Lomas de Angel\u00f3polis 3<\/strong>&nbsp;y el segundo el camino a&nbsp;<strong>San Lorenzo<\/strong>.<\/p>\n\n\n\n<p>Lo anterior por su presunta relaci\u00f3n con los recientes&nbsp;<strong>hechos violentos<\/strong>&nbsp;ocurridos en la&nbsp;<strong>entidad poblana,<\/strong>&nbsp;entre ellos, el hallazgo de una camioneta con cinco cuerpos humanos en inmediaciones del&nbsp;<strong>Centro Expositor.<\/strong><\/p>\n","protected":false},"excerpt":{"rendered":"<p>Las\u00a0nueve personas detenidas en Lomas de Angel\u00f3polis\u00a0est\u00e1n ligadas con el hallazgo de los cinco cuerpos encontrados en\u00a0Los Fuertes,\u00a0inform\u00f3 el\u00a0Vicealmirante Francisco S\u00e1nchez. En entrevista, el titular de la&nbsp;SSP&nbsp;se\u00f1al\u00f3 que la aprehensi\u00f3n fue una labor coordinada con los&nbsp;tres niveles de gobierno,&nbsp;pues se analiz\u00f3 cierta informaci\u00f3n para llevar a cabo el operativo. Asimismo, destac\u00f3 que las investigaciones contin\u00faan [&hellip;]<\/p>\n","protected":false},"author":4,"featured_media":61187,"comment_status":"open","ping_status":"open","sticky":false,"template":"","format":"standard","meta":{"om_disable_all_campaigns":false,"_monsterinsights_skip_tracking":false,"_monsterinsights_sitenote_active":false,"_monsterinsights_sitenote_note":"","_monsterinsights_sitenote_category":0,"footnotes":""},"categories":[175,226],"tags":[223],"class_list":["post-61186","post","type-post","status-publish","format-standard","has-post-thumbnail","hentry","category-local","category-policia","tag-puebla"],"amp_enabled":true,"_links":{"self":[{"href":"https:\/\/lahora.mx\/index.php\/wp-json\/wp\/v2\/posts\/61186","targetHints":{"allow":["GET"]}}],"collection":[{"href":"https:\/\/lahora.mx\/index.php\/wp-json\/wp\/v2\/posts"}],"about":[{"href":"https:\/\/lahora.mx\/index.php\/wp-json\/wp\/v2\/types\/post"}],"author":[{"embeddable":true,"href":"https:\/\/lahora.mx\/index.php\/wp-json\/wp\/v2\/users\/4"}],"replies":[{"embeddable":true,"href":"https:\/\/lahora.mx\/index.php\/wp-json\/wp\/v2\/comments?post=61186"}],"version-history":[{"count":1,"href":"https:\/\/lahora.mx\/index.php\/wp-json\/wp\/v2\/posts\/61186\/revisions"}],"predecessor-version":[{"id":61188,"href":"https:\/\/lahora.mx\/index.php\/wp-json\/wp\/v2\/posts\/61186\/revisions\/61188"}],"wp:featuredmedia":[{"embeddable":true,"href":"https:\/\/lahora.mx\/index.php\/wp-json\/wp\/v2\/media\/61187"}],"wp:attachment":[{"href":"https:\/\/lahora.mx\/index.php\/wp-json\/wp\/v2\/media?parent=61186"}],"wp:term":[{"taxonomy":"category","embeddable":true,"href":"https:\/\/lahora.mx\/index.php\/wp-json\/wp\/v2\/categories?post=61186"},{"taxonomy":"post_tag","embeddable":true,"href":"https:\/\/lahora.mx\/index.php\/wp-json\/wp\/v2\/tags?post=61186"}],"curies":[{"name":"wp","href":"https:\/\/api.w.org\/{rel}","templated":true}]}}