{"id":61169,"date":"2025-04-16T18:05:17","date_gmt":"2025-04-16T18:05:17","guid":{"rendered":"https:\/\/lahora.mx\/?p=61169"},"modified":"2025-04-16T18:05:18","modified_gmt":"2025-04-16T18:05:18","slug":"puebla-es-el-corazon-de-la-patria-y-seguiremos-defendiendo-su-soberania-armenta","status":"publish","type":"post","link":"https:\/\/lahora.mx\/index.php\/2025\/04\/16\/puebla-es-el-corazon-de-la-patria-y-seguiremos-defendiendo-su-soberania-armenta\/","title":{"rendered":"\u201cPuebla es el coraz\u00f3n de la patria y seguiremos defendiendo su soberan\u00eda\u201d: Armenta"},"content":{"rendered":"\n<p><strong>En un acto solemne que reuni\u00f3 a autoridades estatales, municipales, representantes del sector empresarial, del poder judicial y de las fuerzas armadas<\/strong>, el gobernador Alejandro Armenta encabez\u00f3 la ceremonia conmemorativa por el 494 Aniversario de la Fundaci\u00f3n de la Ciudad de Puebla, al destacar el significado hist\u00f3rico de este acontecimiento y su proyecci\u00f3n hacia el futuro.<\/p>\n\n\n\n<p><strong>\u201cEl aniversario 494 de la Fundaci\u00f3n de la Ciudad de Puebla es una oportunidad para reflexionar sobre el pasado y mirar hacia el futuro\u201d<\/strong>, expres\u00f3 el mandatario poblano, y record\u00f3 que esta ciudad fue concebida el 16 de abril de 1531 como un modelo urbano innovador para el Nuevo Mundo, con una traza barroca que uni\u00f3 funcionalidad y belleza arquitect\u00f3nica.<\/p>\n\n\n\n<p>En su mensaje<strong>, el gobernador subray\u00f3 que la fundaci\u00f3n de Puebla respondi\u00f3 al Proyecto Colonizador de la corona espa\u00f1ola<\/strong>, el cual pretend\u00eda dejar atr\u00e1s el modelo de encomiendas y convertir a los territorios ind\u00edgenas en n\u00facleos de desarrollo sustentable, en respeto a la ordenanza del rey Felipe II.<\/p>\n\n\n\n<p><strong>\u201cDurante sus 494 a\u00f1os, Puebla ha pasado por distintos momentos hist\u00f3ricos. Somos el coraz\u00f3n de la patria.<\/strong>&nbsp;Y siempre hemos defendido su soberan\u00eda. Lo seguiremos haciendo\u201d, afirm\u00f3 Armenta, al destacar la participaci\u00f3n del pueblo poblano en las grandes gestas nacionales y su capacidad de transformaci\u00f3n frente a los retos actuales.<\/p>\n\n\n\n<p>Asimismo, reafirm\u00f3 su compromiso con el futuro de la entidad al mencionar que&nbsp;<strong>\u201cFrente a los desaf\u00edos del presente<\/strong>, Puebla posee capacidad de transformarse en un nodo de civilizaci\u00f3n, de progreso, tecnolog\u00eda, educaci\u00f3n para todos, y de bienestar, con prosperidad compartida\u201d.<\/p>\n\n\n\n<p><strong>En coordinaci\u00f3n con el Gobierno Federal y la visi\u00f3n de la presidenta Claudia Sheinbaum<\/strong>, el mandatario estatal reafirm\u00f3 su convicci\u00f3n de continuar la transformaci\u00f3n profunda del estado, en coordinaci\u00f3n y bajo la directriz de Claudia Sheinbaum, Puebla seguir\u00e1 avanzando gracias a que todos los d\u00edas las fuerzas armadas, la Marina, la Guardia Nacional, la Sedena, la fiscal\u00eda, la representaci\u00f3n municipal, fiscal\u00eda general de la Rep\u00fablica, la Fiscal\u00eda General del Estado, el poder judicial en Puebla, el Consejo Coordinador Empresarial, los diferentes \u00f3rganos empresariales, trabajamos para construir la paz y la seguridad que se merecen.<\/p>\n\n\n\n<p><strong>Por su parte, el presidente municipal de Puebla, Jos\u00e9 Chedraui,<\/strong>&nbsp;expres\u00f3 su gratitud por la participaci\u00f3n en esta fecha hist\u00f3rica:<\/p>\n\n\n\n<p>\u201cHoy los convoco para mirar hacia adelante,&nbsp;<strong>apostando por la sostenibilidad y la innovaci\u00f3n desde el gobierno de la ciudad<\/strong>. Seguiremos trabajando de la mano de nuestro gobernador Alejandro Armenta y bajo el liderazgo de nuestra presidenta para que Puebla siga avanzando con pasos firmes\u201d.<\/p>\n\n\n\n<p><strong>Ambos mandatarios coincidieron en que servir a Puebla<\/strong>, como lo hicieron sus fundadores y los pueblos originarios del valle de los volcanes, es un compromiso que hoy inspira al gobierno y a la ciudadan\u00eda a construir un futuro m\u00e1s justo, seguro y pr\u00f3spero para todos.<\/p>\n\n\n\n<p><\/p>\n","protected":false},"excerpt":{"rendered":"<p>En un acto solemne que reuni\u00f3 a autoridades estatales, municipales, representantes del sector empresarial, del poder judicial y de las fuerzas armadas, el gobernador Alejandro Armenta encabez\u00f3 la ceremonia conmemorativa por el 494 Aniversario de la Fundaci\u00f3n de la Ciudad de Puebla, al destacar el significado hist\u00f3rico de este acontecimiento y su proyecci\u00f3n hacia el [&hellip;]<\/p>\n","protected":false},"author":4,"featured_media":61170,"comment_status":"open","ping_status":"open","sticky":false,"template":"","format":"standard","meta":{"om_disable_all_campaigns":false,"_monsterinsights_skip_tracking":false,"_monsterinsights_sitenote_active":false,"_monsterinsights_sitenote_note":"","_monsterinsights_sitenote_category":0,"footnotes":""},"categories":[175],"tags":[223],"class_list":["post-61169","post","type-post","status-publish","format-standard","has-post-thumbnail","hentry","category-local","tag-puebla"],"amp_enabled":true,"_links":{"self":[{"href":"https:\/\/lahora.mx\/index.php\/wp-json\/wp\/v2\/posts\/61169","targetHints":{"allow":["GET"]}}],"collection":[{"href":"https:\/\/lahora.mx\/index.php\/wp-json\/wp\/v2\/posts"}],"about":[{"href":"https:\/\/lahora.mx\/index.php\/wp-json\/wp\/v2\/types\/post"}],"author":[{"embeddable":true,"href":"https:\/\/lahora.mx\/index.php\/wp-json\/wp\/v2\/users\/4"}],"replies":[{"embeddable":true,"href":"https:\/\/lahora.mx\/index.php\/wp-json\/wp\/v2\/comments?post=61169"}],"version-history":[{"count":1,"href":"https:\/\/lahora.mx\/index.php\/wp-json\/wp\/v2\/posts\/61169\/revisions"}],"predecessor-version":[{"id":61171,"href":"https:\/\/lahora.mx\/index.php\/wp-json\/wp\/v2\/posts\/61169\/revisions\/61171"}],"wp:featuredmedia":[{"embeddable":true,"href":"https:\/\/lahora.mx\/index.php\/wp-json\/wp\/v2\/media\/61170"}],"wp:attachment":[{"href":"https:\/\/lahora.mx\/index.php\/wp-json\/wp\/v2\/media?parent=61169"}],"wp:term":[{"taxonomy":"category","embeddable":true,"href":"https:\/\/lahora.mx\/index.php\/wp-json\/wp\/v2\/categories?post=61169"},{"taxonomy":"post_tag","embeddable":true,"href":"https:\/\/lahora.mx\/index.php\/wp-json\/wp\/v2\/tags?post=61169"}],"curies":[{"name":"wp","href":"https:\/\/api.w.org\/{rel}","templated":true}]}}