{"id":610,"date":"2021-12-09T17:10:21","date_gmt":"2021-12-09T17:10:21","guid":{"rendered":"http:\/\/lahora.mx\/?p=610"},"modified":"2021-12-09T17:10:21","modified_gmt":"2021-12-09T17:10:21","slug":"ya-hay-decreto-para-vetar-a-no-vacunados-solo-falta-publicarlo","status":"publish","type":"post","link":"https:\/\/lahora.mx\/index.php\/2021\/12\/09\/ya-hay-decreto-para-vetar-a-no-vacunados-solo-falta-publicarlo\/","title":{"rendered":"Ya hay decreto para vetar a no vacunados, solo falta publicarlo"},"content":{"rendered":"<p>El gobernador Luis Miguel Barbosa Huerta anunci\u00f3 este jueves que ya esta listo el decreto para prohibir el ingreso de personas no vacunadas a espacios p\u00fablicos, como restaurantes, cines y centros comerciales.<br \/>\nAs\u00ed mismo en rueda de prensa, reconoci\u00f3 el mandatario que aun se est\u00e1n analizando las posibles consecuencias y opiniones generadas por dicho decreto ante el publico y personas relevantes de la vida publica.<br \/>\nAun sin detallar cuando ser\u00e1 publicado en el Peri\u00f3dico Oficial del Estado, advirti\u00f3 que una vez que entrara\u00a0 en vigor ser\u00e1 obligatorio acatarlo, y quien no quiera, \u00abque no lo respete y ya\u00bb menciono.<br \/>\nPara evitar pol\u00e9mica, y se reservo aclarar si el decreto se publicar\u00eda antes de concluir el a\u00f1o.<\/p>\n<p><strong>Comienza vacunaci\u00f3n de tercera dosis en municipios<\/strong><\/p>\n<p>El secretario de Salud, Jos\u00e9 Antonio Mart\u00ednez Garc\u00eda confirm\u00f3 que en 88 puntos de vacunaci\u00f3n en 49 municipios comenz\u00f3 este jueves la\u00a0<strong>aplicaci\u00f3n de la dosis de refuerzo contra el covid-19 para adultos mayores de 60 a\u00f1os de edad.<br \/>\n<\/strong><\/p>\n<p>Mart\u00ednez Garc\u00eda precis\u00f3 que la vacunaci\u00f3n para la capital del estado se llevar\u00e1 a cabo la semana pr\u00f3xima.<\/p>\n<p>En relaci\u00f3n a la pandemia, el funcionario inform\u00f3 del registro de 21 nuevos contagios de covid-19 y 4 defunciones as\u00ed como 90 casos activos<\/p>\n<p>&nbsp;<\/p>\n","protected":false},"excerpt":{"rendered":"<p>El gobernador Luis Miguel Barbosa Huerta anunci\u00f3 este jueves que ya esta listo el decreto para prohibir el ingreso de personas no vacunadas a espacios p\u00fablicos, como restaurantes, cines y centros comerciales. As\u00ed mismo en rueda de prensa, reconoci\u00f3 el mandatario que aun se est\u00e1n analizando las posibles consecuencias y opiniones generadas por dicho decreto [&hellip;]<\/p>\n","protected":false},"author":4,"featured_media":611,"comment_status":"open","ping_status":"open","sticky":false,"template":"","format":"standard","meta":{"om_disable_all_campaigns":false,"_monsterinsights_skip_tracking":false,"_monsterinsights_sitenote_active":false,"_monsterinsights_sitenote_note":"","_monsterinsights_sitenote_category":0,"footnotes":""},"categories":[175],"tags":[],"class_list":["post-610","post","type-post","status-publish","format-standard","has-post-thumbnail","hentry","category-local"],"amp_enabled":true,"_links":{"self":[{"href":"https:\/\/lahora.mx\/index.php\/wp-json\/wp\/v2\/posts\/610","targetHints":{"allow":["GET"]}}],"collection":[{"href":"https:\/\/lahora.mx\/index.php\/wp-json\/wp\/v2\/posts"}],"about":[{"href":"https:\/\/lahora.mx\/index.php\/wp-json\/wp\/v2\/types\/post"}],"author":[{"embeddable":true,"href":"https:\/\/lahora.mx\/index.php\/wp-json\/wp\/v2\/users\/4"}],"replies":[{"embeddable":true,"href":"https:\/\/lahora.mx\/index.php\/wp-json\/wp\/v2\/comments?post=610"}],"version-history":[{"count":2,"href":"https:\/\/lahora.mx\/index.php\/wp-json\/wp\/v2\/posts\/610\/revisions"}],"predecessor-version":[{"id":613,"href":"https:\/\/lahora.mx\/index.php\/wp-json\/wp\/v2\/posts\/610\/revisions\/613"}],"wp:featuredmedia":[{"embeddable":true,"href":"https:\/\/lahora.mx\/index.php\/wp-json\/wp\/v2\/media\/611"}],"wp:attachment":[{"href":"https:\/\/lahora.mx\/index.php\/wp-json\/wp\/v2\/media?parent=610"}],"wp:term":[{"taxonomy":"category","embeddable":true,"href":"https:\/\/lahora.mx\/index.php\/wp-json\/wp\/v2\/categories?post=610"},{"taxonomy":"post_tag","embeddable":true,"href":"https:\/\/lahora.mx\/index.php\/wp-json\/wp\/v2\/tags?post=610"}],"curies":[{"name":"wp","href":"https:\/\/api.w.org\/{rel}","templated":true}]}}