{"id":60982,"date":"2025-04-12T00:18:41","date_gmt":"2025-04-12T00:18:41","guid":{"rendered":"https:\/\/lahora.mx\/?p=60982"},"modified":"2025-04-12T00:18:41","modified_gmt":"2025-04-12T00:18:41","slug":"gobierno-de-pepe-chedraui-enfocado-en-combatir-la-pobreza","status":"publish","type":"post","link":"https:\/\/lahora.mx\/index.php\/2025\/04\/12\/gobierno-de-pepe-chedraui-enfocado-en-combatir-la-pobreza\/","title":{"rendered":"Gobierno de Pepe Chedraui, enfocado en combatir la pobreza"},"content":{"rendered":"\n<p><\/p>\n\n\n\n<p><strong>El secretario de Bienestar del municipio de Puebla, Carlos G\u00f3mez Tepoz, inform\u00f3 que en Puebla hay&nbsp;689 mil personas en situaci\u00f3n de pobreza.<\/strong><\/p>\n\n\n\n<p><strong>Por lo anterior dijo que&nbsp;este a\u00f1o el Ayuntamiento de Puebla est\u00e1 trabajando para resolver los rezagos&nbsp;que tiene la poblaci\u00f3n y las carencias de servicios.<\/strong><\/p>\n\n\n\n<p><strong>Ante dicha situaci\u00f3n, refiri\u00f3 que&nbsp;tan solo en la junta auxiliar de Santa Mar\u00eda Xonacatepec, siete de cada 10 viven en pobreza.<\/strong><\/p>\n\n\n\n<p><strong>Coment\u00f3 que est\u00e1n&nbsp;destinando mayores recursos&nbsp;a la atenci\u00f3n de diversos servicios y colocaci\u00f3n de programas que beneficien a la poblaci\u00f3n.<\/strong><\/p>\n\n\n\n<blockquote class=\"wp-block-quote is-layout-flow wp-block-quote-is-layout-flow\">\n<p><strong>Estamos atendiendo a los diversos sectores de la sociedad\u201d, precis\u00f3.<\/strong><\/p>\n<\/blockquote>\n\n\n\n<p><strong>Cabe destacar que de acuerdo con datos del Instituto Nacional de Estad\u00edstica y Geograf\u00eda (INEGI),&nbsp;Puebla capital ocupa el cuarto lugar a nivel nacional con prevalencia de pobreza&nbsp;y en la pasada administraci\u00f3n no se realizaron tantas acciones que resolvieran la problem\u00e1tica.<\/strong><\/p>\n\n\n\n<p><strong>Por lo anterior, el alcalde&nbsp;Pepe Chedraui est\u00e1 enfocado en llevar a cabo medidas concretas para apoyar a la poblaci\u00f3n&nbsp;y resolver los problemas de&nbsp;pobreza.<\/strong><\/p>\n\n\n\n<p><strong>Adem\u00e1s de que ya hay avances sustanciales en su combate en Puebla capital.<\/strong><\/p>\n","protected":false},"excerpt":{"rendered":"<p>El secretario de Bienestar del municipio de Puebla, Carlos G\u00f3mez Tepoz, inform\u00f3 que en Puebla hay&nbsp;689 mil personas en situaci\u00f3n de pobreza. Por lo anterior dijo que&nbsp;este a\u00f1o el Ayuntamiento de Puebla est\u00e1 trabajando para resolver los rezagos&nbsp;que tiene la poblaci\u00f3n y las carencias de servicios. Ante dicha situaci\u00f3n, refiri\u00f3 que&nbsp;tan solo en la junta [&hellip;]<\/p>\n","protected":false},"author":4,"featured_media":60983,"comment_status":"open","ping_status":"open","sticky":false,"template":"","format":"standard","meta":{"om_disable_all_campaigns":false,"_monsterinsights_skip_tracking":false,"_monsterinsights_sitenote_active":false,"_monsterinsights_sitenote_note":"","_monsterinsights_sitenote_category":0,"footnotes":""},"categories":[175],"tags":[223],"class_list":["post-60982","post","type-post","status-publish","format-standard","has-post-thumbnail","hentry","category-local","tag-puebla"],"amp_enabled":true,"_links":{"self":[{"href":"https:\/\/lahora.mx\/index.php\/wp-json\/wp\/v2\/posts\/60982","targetHints":{"allow":["GET"]}}],"collection":[{"href":"https:\/\/lahora.mx\/index.php\/wp-json\/wp\/v2\/posts"}],"about":[{"href":"https:\/\/lahora.mx\/index.php\/wp-json\/wp\/v2\/types\/post"}],"author":[{"embeddable":true,"href":"https:\/\/lahora.mx\/index.php\/wp-json\/wp\/v2\/users\/4"}],"replies":[{"embeddable":true,"href":"https:\/\/lahora.mx\/index.php\/wp-json\/wp\/v2\/comments?post=60982"}],"version-history":[{"count":1,"href":"https:\/\/lahora.mx\/index.php\/wp-json\/wp\/v2\/posts\/60982\/revisions"}],"predecessor-version":[{"id":60984,"href":"https:\/\/lahora.mx\/index.php\/wp-json\/wp\/v2\/posts\/60982\/revisions\/60984"}],"wp:featuredmedia":[{"embeddable":true,"href":"https:\/\/lahora.mx\/index.php\/wp-json\/wp\/v2\/media\/60983"}],"wp:attachment":[{"href":"https:\/\/lahora.mx\/index.php\/wp-json\/wp\/v2\/media?parent=60982"}],"wp:term":[{"taxonomy":"category","embeddable":true,"href":"https:\/\/lahora.mx\/index.php\/wp-json\/wp\/v2\/categories?post=60982"},{"taxonomy":"post_tag","embeddable":true,"href":"https:\/\/lahora.mx\/index.php\/wp-json\/wp\/v2\/tags?post=60982"}],"curies":[{"name":"wp","href":"https:\/\/api.w.org\/{rel}","templated":true}]}}