{"id":60901,"date":"2025-04-11T00:54:30","date_gmt":"2025-04-11T00:54:30","guid":{"rendered":"https:\/\/lahora.mx\/?p=60901"},"modified":"2025-04-11T00:54:30","modified_gmt":"2025-04-11T00:54:30","slug":"checo-perez-podria-regresar-a-la-formula-1","status":"publish","type":"post","link":"https:\/\/lahora.mx\/index.php\/2025\/04\/11\/checo-perez-podria-regresar-a-la-formula-1\/","title":{"rendered":"Checo P\u00e9rez podr\u00eda regresar a la Formula 1"},"content":{"rendered":"\n<p>Sergio Checo P\u00e9rez<strong>\u00a0podr\u00eda regresar a la parrilla de la F\u00f3rmula 1 con la nueva escuder\u00eda Cadillac, seg\u00fan proyecciones recientes dentro del automovilismo.<\/strong>\u00a0La posibilidad fue se\u00f1alada por Carlos Slim Domit, fundador de la\u00a0Escuder\u00eda Telmex, quien ha respaldado al piloto tapat\u00edo durante gran parte de su carrera profesional.<\/p>\n\n\n\n<p>De acuerdo con Slim Domit, Checo P\u00e9rez mantiene abiertas m\u00faltiples posibilidades de contrataci\u00f3n,\u00a0<strong>destacando el inter\u00e9s del equipo estadounidense Cadillac, cuya incursi\u00f3n en la F1 se espera para el pr\u00f3ximo a\u00f1o.<\/strong>\u00a0La nueva estructura dentro del campeonato abre un panorama de oportunidades para el mexicano.<br>Aunque algunos rumores han sugerido un posible retiro del piloto, desde la escuder\u00eda patrocinadora se insiste en que Checo P\u00e9rez todav\u00eda tiene mucho que ofrecer dentro del circuito.&nbsp;<strong>Su experiencia, condici\u00f3n f\u00edsica y competitividad contin\u00faan siendo elementos clave para mantenerlo vigente entre los principales nombres del automovilismo internacional.<\/strong><\/p>\n\n\n\n<p><strong>Las alineaciones de varios equipos sufrir\u00e1n cambios importantes en 2025, y la llegada de Cadillac es considerada un movimiento estrat\u00e9gico que podr\u00eda beneficiar directamente a Checo P\u00e9rez<\/strong>. A pesar de la incertidumbre, se ha indicado que a\u00fan hay tiempo suficiente para definir el rumbo del piloto jalisciense.<br><br>Con 35 a\u00f1os de edad, Checo P\u00e9rez se encuentra en una etapa en la que todav\u00eda puede ser altamente competitivo, tanto por su talento como por la trayectoria acumulada.&nbsp;<strong>Su entorno cercano asegura que se mantiene en forma, trabajando intensamente y en constante di\u00e1logo con diversas escuder\u00edas.<\/strong><\/p>\n\n\n\n<p><strong>Hasta el momento, no se ha confirmado un acuerdo oficial con Cadillac ni con otro equipo, pero fuentes cercanas al piloto aseguran que las conversaciones est\u00e1n avanzando.<\/strong>&nbsp;Checo P\u00e9rez habr\u00eda expresado inter\u00e9s en evaluar todas las opciones antes de tomar una decisi\u00f3n definitiva sobre su futuro.<\/p>\n\n\n\n<p>Por su parte, el directivo de Telmex consider\u00f3 que cualquier elecci\u00f3n que tome el piloto ser\u00e1 completamente personal.<strong>&nbsp;Recalc\u00f3 que la carrera de Checo P\u00e9rez ha sido s\u00f3lida y que su permanencia en la F1 depender\u00e1 tanto de las oportunidades como de sus intereses personales y profesionales.<\/strong><\/p>\n","protected":false},"excerpt":{"rendered":"<p>Sergio Checo P\u00e9rez\u00a0podr\u00eda regresar a la parrilla de la F\u00f3rmula 1 con la nueva escuder\u00eda Cadillac, seg\u00fan proyecciones recientes dentro del automovilismo.\u00a0La posibilidad fue se\u00f1alada por Carlos Slim Domit, fundador de la\u00a0Escuder\u00eda Telmex, quien ha respaldado al piloto tapat\u00edo durante gran parte de su carrera profesional. De acuerdo con Slim Domit, Checo P\u00e9rez mantiene abiertas [&hellip;]<\/p>\n","protected":false},"author":4,"featured_media":60902,"comment_status":"open","ping_status":"open","sticky":false,"template":"","format":"standard","meta":{"om_disable_all_campaigns":false,"_monsterinsights_skip_tracking":false,"_monsterinsights_sitenote_active":false,"_monsterinsights_sitenote_note":"","_monsterinsights_sitenote_category":0,"footnotes":""},"categories":[175,6],"tags":[142],"class_list":["post-60901","post","type-post","status-publish","format-standard","has-post-thumbnail","hentry","category-local","category-sports","tag-sports"],"amp_enabled":true,"_links":{"self":[{"href":"https:\/\/lahora.mx\/index.php\/wp-json\/wp\/v2\/posts\/60901","targetHints":{"allow":["GET"]}}],"collection":[{"href":"https:\/\/lahora.mx\/index.php\/wp-json\/wp\/v2\/posts"}],"about":[{"href":"https:\/\/lahora.mx\/index.php\/wp-json\/wp\/v2\/types\/post"}],"author":[{"embeddable":true,"href":"https:\/\/lahora.mx\/index.php\/wp-json\/wp\/v2\/users\/4"}],"replies":[{"embeddable":true,"href":"https:\/\/lahora.mx\/index.php\/wp-json\/wp\/v2\/comments?post=60901"}],"version-history":[{"count":1,"href":"https:\/\/lahora.mx\/index.php\/wp-json\/wp\/v2\/posts\/60901\/revisions"}],"predecessor-version":[{"id":60903,"href":"https:\/\/lahora.mx\/index.php\/wp-json\/wp\/v2\/posts\/60901\/revisions\/60903"}],"wp:featuredmedia":[{"embeddable":true,"href":"https:\/\/lahora.mx\/index.php\/wp-json\/wp\/v2\/media\/60902"}],"wp:attachment":[{"href":"https:\/\/lahora.mx\/index.php\/wp-json\/wp\/v2\/media?parent=60901"}],"wp:term":[{"taxonomy":"category","embeddable":true,"href":"https:\/\/lahora.mx\/index.php\/wp-json\/wp\/v2\/categories?post=60901"},{"taxonomy":"post_tag","embeddable":true,"href":"https:\/\/lahora.mx\/index.php\/wp-json\/wp\/v2\/tags?post=60901"}],"curies":[{"name":"wp","href":"https:\/\/api.w.org\/{rel}","templated":true}]}}