{"id":60756,"date":"2025-04-06T03:07:13","date_gmt":"2025-04-06T03:07:13","guid":{"rendered":"https:\/\/lahora.mx\/?p=60756"},"modified":"2025-04-08T03:12:38","modified_gmt":"2025-04-08T03:12:38","slug":"roberto-solis-inicia-trabajos-con-raymundo-atanacio-para-coordinar-esfuerzos-hidricos-en-huejotzingo","status":"publish","type":"post","link":"https:\/\/lahora.mx\/index.php\/2025\/04\/06\/roberto-solis-inicia-trabajos-con-raymundo-atanacio-para-coordinar-esfuerzos-hidricos-en-huejotzingo\/","title":{"rendered":"Roberto Sol\u00eds inicia trabajos con Raymundo Atanacio para coordinar esfuerzos h\u00eddricos en Huejotzingo"},"content":{"rendered":"\n<p>El Presidente Municipal de Huejotzingo,\u00a0<strong>Roberto Sol\u00eds Valles, sostuvo una reuni\u00f3n\u00a0con Raymundo Atanacio Luna, Comisionado Estatal de Proyectos H\u00eddricos, para coordinar esfuerzos con el Gobierno Federal y Estatal en los temas h\u00eddricos<\/strong>\u00a0del Pueblo M\u00e1gico.<\/p>\n\n\n\n<p>Durante el encuentro,<strong>\u00a0se present\u00f3 el plan de trabajo que incluye la reparaci\u00f3n y restauraci\u00f3n de drenajes, as\u00ed como la extensi\u00f3n de la red\u00a0de agua potable para garantizar el acceso al recurso en las colonias que a\u00fan carecen de este servicio.<\/strong><\/p>\n\n\n\n<p>Asimismo,<strong>\u00a0Roberto Sol\u00eds anunci\u00f3 el inicio de las notificaciones a m\u00e1s de 190 empresas del Huejotzingo, con el objetivo de regularizarlas y asegurar el cumplimiento de las disposiciones ambientales,\u00a0<\/strong>contribuyendo as\u00ed a la protecci\u00f3n de los recursos naturales.<\/p>\n\n\n\n<p>Estas iniciativas se enmarcan en&nbsp;<strong>una de las 100 acciones prioritarias de la Presidenta de la Rep\u00fablica, Claudia Sheinbaum Pardo, que es el rescate del R\u00edo Atoyac, uno de los afluentes m\u00e1s contaminados del pa\u00eds.<\/strong><\/p>\n","protected":false},"excerpt":{"rendered":"<p>El Presidente Municipal de Huejotzingo,\u00a0Roberto Sol\u00eds Valles, sostuvo una reuni\u00f3n\u00a0con Raymundo Atanacio Luna, Comisionado Estatal de Proyectos H\u00eddricos, para coordinar esfuerzos con el Gobierno Federal y Estatal en los temas h\u00eddricos\u00a0del Pueblo M\u00e1gico. Durante el encuentro,\u00a0se present\u00f3 el plan de trabajo que incluye la reparaci\u00f3n y restauraci\u00f3n de drenajes, as\u00ed como la extensi\u00f3n de la [&hellip;]<\/p>\n","protected":false},"author":4,"featured_media":60757,"comment_status":"open","ping_status":"open","sticky":false,"template":"","format":"standard","meta":{"om_disable_all_campaigns":false,"_monsterinsights_skip_tracking":false,"_monsterinsights_sitenote_active":false,"_monsterinsights_sitenote_note":"","_monsterinsights_sitenote_category":0,"footnotes":""},"categories":[175],"tags":[223],"class_list":["post-60756","post","type-post","status-publish","format-standard","has-post-thumbnail","hentry","category-local","tag-puebla"],"amp_enabled":true,"_links":{"self":[{"href":"https:\/\/lahora.mx\/index.php\/wp-json\/wp\/v2\/posts\/60756","targetHints":{"allow":["GET"]}}],"collection":[{"href":"https:\/\/lahora.mx\/index.php\/wp-json\/wp\/v2\/posts"}],"about":[{"href":"https:\/\/lahora.mx\/index.php\/wp-json\/wp\/v2\/types\/post"}],"author":[{"embeddable":true,"href":"https:\/\/lahora.mx\/index.php\/wp-json\/wp\/v2\/users\/4"}],"replies":[{"embeddable":true,"href":"https:\/\/lahora.mx\/index.php\/wp-json\/wp\/v2\/comments?post=60756"}],"version-history":[{"count":1,"href":"https:\/\/lahora.mx\/index.php\/wp-json\/wp\/v2\/posts\/60756\/revisions"}],"predecessor-version":[{"id":60758,"href":"https:\/\/lahora.mx\/index.php\/wp-json\/wp\/v2\/posts\/60756\/revisions\/60758"}],"wp:featuredmedia":[{"embeddable":true,"href":"https:\/\/lahora.mx\/index.php\/wp-json\/wp\/v2\/media\/60757"}],"wp:attachment":[{"href":"https:\/\/lahora.mx\/index.php\/wp-json\/wp\/v2\/media?parent=60756"}],"wp:term":[{"taxonomy":"category","embeddable":true,"href":"https:\/\/lahora.mx\/index.php\/wp-json\/wp\/v2\/categories?post=60756"},{"taxonomy":"post_tag","embeddable":true,"href":"https:\/\/lahora.mx\/index.php\/wp-json\/wp\/v2\/tags?post=60756"}],"curies":[{"name":"wp","href":"https:\/\/api.w.org\/{rel}","templated":true}]}}