{"id":60548,"date":"2025-04-03T00:28:31","date_gmt":"2025-04-03T00:28:31","guid":{"rendered":"https:\/\/lahora.mx\/?p=60548"},"modified":"2025-04-03T00:28:32","modified_gmt":"2025-04-03T00:28:32","slug":"boxeo-con-causa-la-bonita-sanchez-va-por-tercera-defensa-del-titulo-mundial","status":"publish","type":"post","link":"https:\/\/lahora.mx\/index.php\/2025\/04\/03\/boxeo-con-causa-la-bonita-sanchez-va-por-tercera-defensa-del-titulo-mundial\/","title":{"rendered":"Boxeo con Causa: \u201cLa Bonita\u201d S\u00e1nchez va por tercera defensa del t\u00edtulo mundial"},"content":{"rendered":"\n<p>Vamos a demostrar que Puebla es tierra de campeonas y campeones, asegur\u00f3 la boxeadora poblana, Gaby \u00abLa Bonita\u00bb S\u00e1nchez y titular de la Secretar\u00eda de Deporte y Juventud, durante la rueda de prensa con su oponente la sudafricana, Simangele \u00abLa Leona\u00bb Hadebe. Dijo que defender\u00e1 el cintur\u00f3n de plata del Consejo Mundial de Boxeo (CMB), para que se quede en Puebla.<\/p>\n\n\n\n<p>En su mensaje, Gaby \u00abLa Bonita\u00bb S\u00e1nchez reconoci\u00f3 el impulso que le ha dado al deporte poblano el gobernador Alejandro Armenta, para generar campeones en la entidad. La pugilista poblana exhort\u00f3 a todas y todos a acudir al Auditorio GNP este viernes 4 de abril, ya que record\u00f3 que la funci\u00f3n de gala es con causa.<\/p>\n\n\n\n<p>\u00abLos invito a que no se pierdan las peleas de este viernes 4 de abril. Ojal\u00e1 nos puedan acompa\u00f1ar, porque es una pelea con causa, ya que todo lo que entre se destinar\u00e1 a la Casa de Maternidad del DIF del Estado\u00bb, dijo la titular del Deporte en Puebla, al tiempo de se\u00f1alar que dicho proyecto brindar\u00e1 atenci\u00f3n integral a mujeres embarazadas sin seguridad social.<\/p>\n\n\n\n<p>En este contexto, invit\u00f3 a la poblaci\u00f3n a sumarse tambi\u00e9n a la Clase Nacional de Box que encabezar\u00e1 la presidenta de M\u00e9xico Claudia Sheinbaum, el pr\u00f3ximo 6 de abril en el Z\u00f3calo de la Ciudad de M\u00e9xico y que de manera simult\u00e1nea se realizar\u00e1 en todo el pa\u00eds. Destac\u00f3 que en Puebla se contempla la asistencia de 3 mil personas que estar\u00e1n presentes en el Z\u00f3calo, adem\u00e1s de la participaci\u00f3n de los 217 municipios de la entidad.<\/p>\n\n\n\n<p>Finalmente, la boxeadora sudafricana Simangele \u00abLa Leona\u00bb Hadebe agradeci\u00f3 la gran hospitalidad de las y los poblanos, reconoci\u00f3 la fortaleza y capacidad de \u00abLa Bonita\u00bb S\u00e1nchez y afirm\u00f3 que ser\u00e1 un combate con gran intensidad, donde buscar\u00e1 arrebatarle el cintur\u00f3n de la campeona poblana.<\/p>\n\n\n\n<p>En la rueda de prensa tambi\u00e9n estuvieron presentes la diputada local, Mar\u00eda Soledad Amieva Zamora; los peleadores Gustavo \u00abEl Dorado\u00bb Rivera, Pablo Ariel G\u00f3mez de Argentina y Cristopher L\u00f3pez; as\u00ed como los ex boxeadores Isaac \u00abTortas\u00bb Bustos, e Isidro \u00abPipino\u00bb Cuevas.<\/p>\n","protected":false},"excerpt":{"rendered":"<p>Vamos a demostrar que Puebla es tierra de campeonas y campeones, asegur\u00f3 la boxeadora poblana, Gaby \u00abLa Bonita\u00bb S\u00e1nchez y titular de la Secretar\u00eda de Deporte y Juventud, durante la rueda de prensa con su oponente la sudafricana, Simangele \u00abLa Leona\u00bb Hadebe. Dijo que defender\u00e1 el cintur\u00f3n de plata del Consejo Mundial de Boxeo (CMB), [&hellip;]<\/p>\n","protected":false},"author":4,"featured_media":60551,"comment_status":"open","ping_status":"open","sticky":false,"template":"","format":"standard","meta":{"om_disable_all_campaigns":false,"_monsterinsights_skip_tracking":false,"_monsterinsights_sitenote_active":false,"_monsterinsights_sitenote_note":"","_monsterinsights_sitenote_category":0,"footnotes":""},"categories":[175,6],"tags":[223,142],"class_list":["post-60548","post","type-post","status-publish","format-standard","has-post-thumbnail","hentry","category-local","category-sports","tag-puebla","tag-sports"],"amp_enabled":true,"_links":{"self":[{"href":"https:\/\/lahora.mx\/index.php\/wp-json\/wp\/v2\/posts\/60548","targetHints":{"allow":["GET"]}}],"collection":[{"href":"https:\/\/lahora.mx\/index.php\/wp-json\/wp\/v2\/posts"}],"about":[{"href":"https:\/\/lahora.mx\/index.php\/wp-json\/wp\/v2\/types\/post"}],"author":[{"embeddable":true,"href":"https:\/\/lahora.mx\/index.php\/wp-json\/wp\/v2\/users\/4"}],"replies":[{"embeddable":true,"href":"https:\/\/lahora.mx\/index.php\/wp-json\/wp\/v2\/comments?post=60548"}],"version-history":[{"count":1,"href":"https:\/\/lahora.mx\/index.php\/wp-json\/wp\/v2\/posts\/60548\/revisions"}],"predecessor-version":[{"id":60552,"href":"https:\/\/lahora.mx\/index.php\/wp-json\/wp\/v2\/posts\/60548\/revisions\/60552"}],"wp:featuredmedia":[{"embeddable":true,"href":"https:\/\/lahora.mx\/index.php\/wp-json\/wp\/v2\/media\/60551"}],"wp:attachment":[{"href":"https:\/\/lahora.mx\/index.php\/wp-json\/wp\/v2\/media?parent=60548"}],"wp:term":[{"taxonomy":"category","embeddable":true,"href":"https:\/\/lahora.mx\/index.php\/wp-json\/wp\/v2\/categories?post=60548"},{"taxonomy":"post_tag","embeddable":true,"href":"https:\/\/lahora.mx\/index.php\/wp-json\/wp\/v2\/tags?post=60548"}],"curies":[{"name":"wp","href":"https:\/\/api.w.org\/{rel}","templated":true}]}}