{"id":60543,"date":"2025-04-03T00:22:59","date_gmt":"2025-04-03T00:22:59","guid":{"rendered":"https:\/\/lahora.mx\/?p=60543"},"modified":"2025-04-03T00:23:33","modified_gmt":"2025-04-03T00:23:33","slug":"encabeza-tonantzin-fernandez-el-miercoles-ciudadano-en-san-pedro-cholula","status":"publish","type":"post","link":"https:\/\/lahora.mx\/index.php\/2025\/04\/03\/encabeza-tonantzin-fernandez-el-miercoles-ciudadano-en-san-pedro-cholula\/","title":{"rendered":"Encabeza la alcaldesa Tonantzin Fern\u00e1ndez el Mi\u00e9rcoles Ciudadano en San Pedro Cholula"},"content":{"rendered":"\n<p>Desde las 07:00 horas de este mi\u00e9rcoles dos de abril, la alcaldesa de San Pedro Cholula, Tonantzin Fern\u00e1ndez D\u00edaz y su equipo de trabajo, se encuentran \u00abEscuchando a Cholula\u00bb, para atender las necesidad m\u00e1s importantes de la ciudadan\u00eda.<\/p>\n\n\n\n<p><br>De esta manera, la alcaldesa cholulteca est\u00e1 encabezando por&nbsp;<strong>cuarta ocasi\u00f3n<\/strong>&nbsp;dicha reuni\u00f3n con los pobladores, quienes solicitan el&nbsp;<strong>apoyo del ayuntamiento<\/strong>&nbsp;en diferentes rubros, como lo es alumbrado, baches,&nbsp;<strong>pavimentaci\u00f3n, beneficio en escuelas, negocios, entre otros temas.<\/strong><\/p>\n\n\n\n<p><br>Es as\u00ed que a trav\u00e9s del\u00a0<strong>Mi\u00e9rcoles Ciudadano \u00abEscuchando a Cholula\u00bb<\/strong>, los titulares de las Secretar\u00edas, regidores y directores de las diversas \u00e1reas del\u00a0<strong>ayuntamiento<\/strong>, atienden de manera personal a las y los cholultecas los mi\u00e9rcoles cada 15 d\u00edas.<br>Despu\u00e9s de que hace un par de semanas dicha acci\u00f3n se llev\u00f3 a cabo en la&nbsp;<strong>junta auxiliar de Santiago Momoxpan<\/strong>, en esta ocasi\u00f3n regres\u00f3 una vez m\u00e1s al primer cuadro de la ciudad, como lo es&nbsp;<strong>Plaza de La Concordia.<\/strong><br><\/p>\n\n\n\n<blockquote class=\"wp-block-quote is-layout-flow wp-block-quote-is-layout-flow\">\n<p>\u201cEstamos muy contentos, muy felices, este es el cuarto Mi\u00e9rcoles Ciudadano y damos muestra que nuestro Gobierno es de puertas abiertas, sensible, escucha necesidades de la poblaci\u00f3n, esto significa que dicho programa est\u00e1 dando grandes frutos y existe una gran participaci\u00f3n ciudadana\u201d, declar\u00f3 Tonantzin Fern\u00e1ndez.<\/p>\n<\/blockquote>\n\n\n\n<p><br>Finalmente, record\u00f3 que el pr\u00f3ximo&nbsp;<strong>Mi\u00e9rcoles Ciudadano<\/strong>&nbsp;ya coincide con fecha de Semana Santa, por lo que analizar\u00e1n si lo recorren y lo hacen antes, o simplemente lo suspenden y lo retoman a finales de este mes de abril.<\/p>\n","protected":false},"excerpt":{"rendered":"<p>Desde las 07:00 horas de este mi\u00e9rcoles dos de abril, la alcaldesa de San Pedro Cholula, Tonantzin Fern\u00e1ndez D\u00edaz y su equipo de trabajo, se encuentran \u00abEscuchando a Cholula\u00bb, para atender las necesidad m\u00e1s importantes de la ciudadan\u00eda. De esta manera, la alcaldesa cholulteca est\u00e1 encabezando por&nbsp;cuarta ocasi\u00f3n&nbsp;dicha reuni\u00f3n con los pobladores, quienes solicitan el&nbsp;apoyo [&hellip;]<\/p>\n","protected":false},"author":4,"featured_media":60544,"comment_status":"open","ping_status":"open","sticky":false,"template":"","format":"standard","meta":{"om_disable_all_campaigns":false,"_monsterinsights_skip_tracking":false,"_monsterinsights_sitenote_active":false,"_monsterinsights_sitenote_note":"","_monsterinsights_sitenote_category":0,"footnotes":""},"categories":[175],"tags":[234,223],"class_list":["post-60543","post","type-post","status-publish","format-standard","has-post-thumbnail","hentry","category-local","tag-cholula","tag-puebla"],"amp_enabled":true,"_links":{"self":[{"href":"https:\/\/lahora.mx\/index.php\/wp-json\/wp\/v2\/posts\/60543","targetHints":{"allow":["GET"]}}],"collection":[{"href":"https:\/\/lahora.mx\/index.php\/wp-json\/wp\/v2\/posts"}],"about":[{"href":"https:\/\/lahora.mx\/index.php\/wp-json\/wp\/v2\/types\/post"}],"author":[{"embeddable":true,"href":"https:\/\/lahora.mx\/index.php\/wp-json\/wp\/v2\/users\/4"}],"replies":[{"embeddable":true,"href":"https:\/\/lahora.mx\/index.php\/wp-json\/wp\/v2\/comments?post=60543"}],"version-history":[{"count":3,"href":"https:\/\/lahora.mx\/index.php\/wp-json\/wp\/v2\/posts\/60543\/revisions"}],"predecessor-version":[{"id":60547,"href":"https:\/\/lahora.mx\/index.php\/wp-json\/wp\/v2\/posts\/60543\/revisions\/60547"}],"wp:featuredmedia":[{"embeddable":true,"href":"https:\/\/lahora.mx\/index.php\/wp-json\/wp\/v2\/media\/60544"}],"wp:attachment":[{"href":"https:\/\/lahora.mx\/index.php\/wp-json\/wp\/v2\/media?parent=60543"}],"wp:term":[{"taxonomy":"category","embeddable":true,"href":"https:\/\/lahora.mx\/index.php\/wp-json\/wp\/v2\/categories?post=60543"},{"taxonomy":"post_tag","embeddable":true,"href":"https:\/\/lahora.mx\/index.php\/wp-json\/wp\/v2\/tags?post=60543"}],"curies":[{"name":"wp","href":"https:\/\/api.w.org\/{rel}","templated":true}]}}