{"id":60349,"date":"2025-03-28T16:21:30","date_gmt":"2025-03-28T16:21:30","guid":{"rendered":"https:\/\/lahora.mx\/?p=60349"},"modified":"2025-03-28T16:21:31","modified_gmt":"2025-03-28T16:21:31","slug":"dan-golpiza-a-ladron-en-la-colonia-santa-maria","status":"publish","type":"post","link":"https:\/\/lahora.mx\/index.php\/2025\/03\/28\/dan-golpiza-a-ladron-en-la-colonia-santa-maria\/","title":{"rendered":"Dan golpiza a ladr\u00f3n en la colonia Santa Mar\u00eda"},"content":{"rendered":"\n<p>Al\u00a0<strong>intentar abrir un local<\/strong>, Eduardo Jos\u00e9 recibi\u00f3 una\u00a0golpiza por vecinos de la colonia\u00a0<strong>Santa Mar\u00eda<\/strong>\u00a0de la ciudad de Puebla; autoridades detuvieron al\u00a0<strong>presunto ladr\u00f3n<\/strong>.<\/p>\n\n\n\n<p>Cerca de las 07:00 horas de hoy,\u00a0habitantes golpearon\u00a0y maniataron a un\u00a0<strong>presunto ladr\u00f3n<\/strong>\u00a0en la\u00a0<strong>11 Norte esquina con 52 Poniente<\/strong>.<\/p>\n\n\n\n<p>De acuerdo con testigos, los hechos ocurrieron porque los vecinos se dieron cuenta cuando el sujeto&nbsp;<strong>intentaba ingresar<\/strong>&nbsp;a un&nbsp;<strong>establecimiento<\/strong>.<\/p>\n\n\n\n<p>Adem\u00e1s, explicaron que el\u00a0presunto ladr\u00f3n\u00a0iba\u00a0<strong>acompa\u00f1ado de un c\u00f3mplice<\/strong>, quien\u00a0<strong>huy\u00f3<\/strong>\u00a0del lugar.<br>Despu\u00e9s de que\u00a0<strong>maniataron<\/strong>\u00a0<strong>Eduardo Jos\u00e9<\/strong>, los vecinos solicitaron la presencia de las\u00a0<strong>autoridades<\/strong>, quienes lo trasladaron a una\u00a0<strong>Agencia del Ministerio P\u00fablico<\/strong>\u00a0donde se determinar\u00e1 su situaci\u00f3n jur\u00eddica.<\/p>\n\n\n\n<p>Durante el primer bimestre de este a\u00f1o,&nbsp;<strong>285 denuncias<\/strong>&nbsp;se han registrado por&nbsp;<strong>robo a negocio<\/strong>&nbsp;en la ciudad de Puebla, de acuerdo con cifras de la&nbsp;<strong>Fiscal\u00eda General del Estado<\/strong>&nbsp;(FGE).<\/p>\n","protected":false},"excerpt":{"rendered":"<p>Al\u00a0intentar abrir un local, Eduardo Jos\u00e9 recibi\u00f3 una\u00a0golpiza por vecinos de la colonia\u00a0Santa Mar\u00eda\u00a0de la ciudad de Puebla; autoridades detuvieron al\u00a0presunto ladr\u00f3n. Cerca de las 07:00 horas de hoy,\u00a0habitantes golpearon\u00a0y maniataron a un\u00a0presunto ladr\u00f3n\u00a0en la\u00a011 Norte esquina con 52 Poniente. De acuerdo con testigos, los hechos ocurrieron porque los vecinos se dieron cuenta cuando el [&hellip;]<\/p>\n","protected":false},"author":4,"featured_media":60350,"comment_status":"open","ping_status":"open","sticky":false,"template":"","format":"standard","meta":{"om_disable_all_campaigns":false,"_monsterinsights_skip_tracking":false,"_monsterinsights_sitenote_active":false,"_monsterinsights_sitenote_note":"","_monsterinsights_sitenote_category":0,"footnotes":""},"categories":[175,226],"tags":[223],"class_list":["post-60349","post","type-post","status-publish","format-standard","has-post-thumbnail","hentry","category-local","category-policia","tag-puebla"],"amp_enabled":true,"_links":{"self":[{"href":"https:\/\/lahora.mx\/index.php\/wp-json\/wp\/v2\/posts\/60349","targetHints":{"allow":["GET"]}}],"collection":[{"href":"https:\/\/lahora.mx\/index.php\/wp-json\/wp\/v2\/posts"}],"about":[{"href":"https:\/\/lahora.mx\/index.php\/wp-json\/wp\/v2\/types\/post"}],"author":[{"embeddable":true,"href":"https:\/\/lahora.mx\/index.php\/wp-json\/wp\/v2\/users\/4"}],"replies":[{"embeddable":true,"href":"https:\/\/lahora.mx\/index.php\/wp-json\/wp\/v2\/comments?post=60349"}],"version-history":[{"count":1,"href":"https:\/\/lahora.mx\/index.php\/wp-json\/wp\/v2\/posts\/60349\/revisions"}],"predecessor-version":[{"id":60351,"href":"https:\/\/lahora.mx\/index.php\/wp-json\/wp\/v2\/posts\/60349\/revisions\/60351"}],"wp:featuredmedia":[{"embeddable":true,"href":"https:\/\/lahora.mx\/index.php\/wp-json\/wp\/v2\/media\/60350"}],"wp:attachment":[{"href":"https:\/\/lahora.mx\/index.php\/wp-json\/wp\/v2\/media?parent=60349"}],"wp:term":[{"taxonomy":"category","embeddable":true,"href":"https:\/\/lahora.mx\/index.php\/wp-json\/wp\/v2\/categories?post=60349"},{"taxonomy":"post_tag","embeddable":true,"href":"https:\/\/lahora.mx\/index.php\/wp-json\/wp\/v2\/tags?post=60349"}],"curies":[{"name":"wp","href":"https:\/\/api.w.org\/{rel}","templated":true}]}}