{"id":60337,"date":"2025-03-28T03:10:11","date_gmt":"2025-03-28T03:10:11","guid":{"rendered":"https:\/\/lahora.mx\/?p=60337"},"modified":"2025-03-28T03:10:12","modified_gmt":"2025-03-28T03:10:12","slug":"en-la-buap-15-facultades-ya-levantaron-paro-y-7-ya-regresaron-a-clases","status":"publish","type":"post","link":"https:\/\/lahora.mx\/index.php\/2025\/03\/28\/en-la-buap-15-facultades-ya-levantaron-paro-y-7-ya-regresaron-a-clases\/","title":{"rendered":"En la BUAP 15 facultades ya levantaron paro y 7 ya regresaron a clases"},"content":{"rendered":"\n<p>Quince unidades acad\u00e9micas de la&nbsp;<strong>Benem\u00e9rita Universidad Aut\u00f3noma de Puebla (BUAP)<\/strong>levantaron el&nbsp;<strong>paro estudiantil<\/strong>; de ellas&nbsp;<strong>siete<\/strong>&nbsp;ya&nbsp;<strong>reanudaron clases<\/strong><strong>presenciales<\/strong>.<\/p>\n\n\n\n<p>Asimismo, 11 facultades contin\u00faan en\u00a0<strong>mesas de di\u00e1logo<\/strong>\u00a0con las autoridades universitarias, incluyendo las de\u00a0<strong>Ciudad Universitaria 2 (CU2)<\/strong>.<\/p>\n\n\n\n<h2 class=\"wp-block-heading\"><strong>Facultades en el \u00e1rea econ\u00f3mico-administrativa<\/strong><\/h2>\n\n\n\n<p>En el\u00a0<strong>\u00e1rea econ\u00f3mico-administrativa<\/strong>, que integra a las facultades de\u00a0<strong>Administraci\u00f3n<\/strong>,\u00a0<strong>Ciencias de la Comunicaci\u00f3n<\/strong>, Contadur\u00eda P\u00fablica,\u00a0<strong>Derecho<\/strong>\u00a0y Econom\u00eda, el paro se dio por concluido.<br>Sin embargo, s\u00f3lo\u00a0<strong>Comunicaci\u00f3n y Contadur\u00eda P\u00fablica<\/strong>retomaron actividades presenciales, mientras que las dem\u00e1s entregaron sus instalaciones y permanecen a la espera de la resoluci\u00f3n del movimiento en\u00a0Ciudad Universitaria.<\/p>\n\n\n\n<h2 class=\"wp-block-heading\"><strong>Ciencias Naturales y de la Salud: Medicina y Veterinaria reanudan clases<\/strong><\/h2>\n\n\n\n<p>En el&nbsp;<strong>\u00e1rea de la Salud<\/strong>, las facultades que levantaron el paro son:<\/p>\n\n\n\n<p>Medicina Veterinaria<\/p>\n\n\n\n<p>Ciencias Agr\u00edcolas y Pecuarias<\/p>\n\n\n\n<p>Ciencias Biol\u00f3gicas<\/p>\n\n\n\n<p>Ciencias Qu\u00edmicas<\/p>\n\n\n\n<p>Cultura F\u00edsica<\/p>\n\n\n\n<p>Enfermer\u00eda<\/p>\n\n\n\n<p>Estomatolog\u00eda<\/p>\n\n\n\n<p>Medicina<br>Artes<\/p>\n\n\n\n<p>Artes Pl\u00e1sticas y Visuales<\/p>\n\n\n\n<p>Filosof\u00eda<\/p>\n\n\n\n<p>Lenguas<\/p>\n\n\n\n<p>Psicolog\u00eda<\/p>\n\n\n\n<p>T\u00e9cnico en M\u00fasica<\/p>\n\n\n\n<p>Por su parte, la\u00a0<strong>Facultad de Psicolog\u00eda<\/strong>\u00a0sostendr\u00e1 este viernes su tercera mesa de negociaci\u00f3n \u00a0con autoridades, programada para las 10:00 horas.<\/p>\n\n\n\n<p>En&nbsp;<strong>Ingenier\u00edas y Ciencias Exactas<\/strong>, la&nbsp;<strong>Facultad de Ciencias de la Electr\u00f3nica<\/strong>&nbsp;ya liber\u00f3 su unidad acad\u00e9mica, aunque todav\u00eda no reanuda clases. Mientras tanto,&nbsp;<strong>Arquitectura<\/strong>,&nbsp;<strong>Ciencias de la Computaci\u00f3n<\/strong>,&nbsp;<strong>F\u00edsico-Matem\u00e1ticas e Ingenier\u00eda Qu\u00edmica<\/strong>&nbsp;siguen en negociaciones.<\/p>\n\n\n\n<p><strong>Ciudad Universitaria 2 contin\u00faa con las mesas de trabajo<\/strong><br>En&nbsp;<strong>Ciudad Universitaria 2<\/strong>, ubicada en la junta auxiliar de&nbsp;<strong>San Pedro Zacachimalpa<\/strong>, ninguna de sus facultades ha levantado el paro ni&nbsp;<strong>reanudado<\/strong>&nbsp;<strong>actividades<\/strong>.<\/p>\n\n\n\n<p>Las\u00a0unidades acad\u00e9micas\u00a0de este campus \u2014<strong>Arquitectura<\/strong>, Ciencias Biol\u00f3gicas, Ciencias de la Computaci\u00f3n,\u00a0<strong>Ciencias de la Electr\u00f3nica<\/strong>, Ciencias Qu\u00edmicas e\u00a0<strong>Ingenier\u00eda Qu\u00edmica<\/strong>\u2014 siguen en conversaciones con las autoridades.<\/p>\n\n\n\n<p>Este jueves, se llev\u00f3 a cabo la&nbsp;<strong>tercera mesa de trabajo<\/strong>&nbsp;en la&nbsp;<strong>Facultad de Arquitectura<\/strong>&nbsp;de&nbsp;<strong>Ciudad Universitaria<\/strong>, donde se reportaron avances en las demandas estudiantiles.&nbsp;<\/p>\n","protected":false},"excerpt":{"rendered":"<p>Quince unidades acad\u00e9micas de la&nbsp;Benem\u00e9rita Universidad Aut\u00f3noma de Puebla (BUAP)levantaron el&nbsp;paro estudiantil; de ellas&nbsp;siete&nbsp;ya&nbsp;reanudaron clasespresenciales. Asimismo, 11 facultades contin\u00faan en\u00a0mesas de di\u00e1logo\u00a0con las autoridades universitarias, incluyendo las de\u00a0Ciudad Universitaria 2 (CU2). Facultades en el \u00e1rea econ\u00f3mico-administrativa En el\u00a0\u00e1rea econ\u00f3mico-administrativa, que integra a las facultades de\u00a0Administraci\u00f3n,\u00a0Ciencias de la Comunicaci\u00f3n, Contadur\u00eda P\u00fablica,\u00a0Derecho\u00a0y Econom\u00eda, el paro se dio [&hellip;]<\/p>\n","protected":false},"author":4,"featured_media":60338,"comment_status":"open","ping_status":"open","sticky":false,"template":"","format":"standard","meta":{"om_disable_all_campaigns":false,"_monsterinsights_skip_tracking":false,"_monsterinsights_sitenote_active":false,"_monsterinsights_sitenote_note":"","_monsterinsights_sitenote_category":0,"footnotes":""},"categories":[175],"tags":[186,195,223],"class_list":["post-60337","post","type-post","status-publish","format-standard","has-post-thumbnail","hentry","category-local","tag-buap","tag-principal","tag-puebla"],"amp_enabled":true,"_links":{"self":[{"href":"https:\/\/lahora.mx\/index.php\/wp-json\/wp\/v2\/posts\/60337","targetHints":{"allow":["GET"]}}],"collection":[{"href":"https:\/\/lahora.mx\/index.php\/wp-json\/wp\/v2\/posts"}],"about":[{"href":"https:\/\/lahora.mx\/index.php\/wp-json\/wp\/v2\/types\/post"}],"author":[{"embeddable":true,"href":"https:\/\/lahora.mx\/index.php\/wp-json\/wp\/v2\/users\/4"}],"replies":[{"embeddable":true,"href":"https:\/\/lahora.mx\/index.php\/wp-json\/wp\/v2\/comments?post=60337"}],"version-history":[{"count":1,"href":"https:\/\/lahora.mx\/index.php\/wp-json\/wp\/v2\/posts\/60337\/revisions"}],"predecessor-version":[{"id":60339,"href":"https:\/\/lahora.mx\/index.php\/wp-json\/wp\/v2\/posts\/60337\/revisions\/60339"}],"wp:featuredmedia":[{"embeddable":true,"href":"https:\/\/lahora.mx\/index.php\/wp-json\/wp\/v2\/media\/60338"}],"wp:attachment":[{"href":"https:\/\/lahora.mx\/index.php\/wp-json\/wp\/v2\/media?parent=60337"}],"wp:term":[{"taxonomy":"category","embeddable":true,"href":"https:\/\/lahora.mx\/index.php\/wp-json\/wp\/v2\/categories?post=60337"},{"taxonomy":"post_tag","embeddable":true,"href":"https:\/\/lahora.mx\/index.php\/wp-json\/wp\/v2\/tags?post=60337"}],"curies":[{"name":"wp","href":"https:\/\/api.w.org\/{rel}","templated":true}]}}