{"id":60334,"date":"2025-03-28T01:46:39","date_gmt":"2025-03-28T01:46:39","guid":{"rendered":"https:\/\/lahora.mx\/?p=60334"},"modified":"2025-03-28T01:46:39","modified_gmt":"2025-03-28T01:46:39","slug":"bullying-en-puebla-sep-tiene-registrados-35-casos-de-bullying-en-puebla-16-en-primarias","status":"publish","type":"post","link":"https:\/\/lahora.mx\/index.php\/2025\/03\/28\/bullying-en-puebla-sep-tiene-registrados-35-casos-de-bullying-en-puebla-16-en-primarias\/","title":{"rendered":"Bullying en Puebla: SEP tiene registrados 35 casos de bullying en Puebla, 16 en primarias"},"content":{"rendered":"\n<p>El secretario de Educaci\u00f3n estatal,\u00a0<strong>Manuel Viveros<\/strong>, dio a conocer que la dependencia a su cargo atiende 35 casos registrados de acoso escolar o\u00a0bullying, de los cuales\u00a0<strong>16 son en primarias<\/strong>.<\/p>\n\n\n\n<p>As\u00ed lo asegur\u00f3 en\u00a0<strong>entrevista<\/strong>previa al informe por los cien d\u00edas del gobernador\u00a0<strong>Alejandro Armenta<\/strong>, durante la cual el funcionario estatal expres\u00f3 que se trata de\u00a0casos\u00a0que han recibido y corresponden al periodo\u00a0<strong>posterior al 14 de diciembre<\/strong>, cuando inici\u00f3 la actual\u00a0<strong>administraci\u00f3n<\/strong>.<\/p>\n\n\n\n<p>Precis\u00f3 que el&nbsp;<strong>bullying<\/strong>&nbsp;es un tema que est\u00e1 siendo tratado con los&nbsp;<strong>padres de familia<\/strong>, puesto que \u00abmuchas cuestiones salen desde el seno familiar, y estamos invitando a la sociedad a que nos involucremos\u00bb, sentenci\u00f3.<\/p>\n\n\n\n<p>El titular de la dependencia se\u00f1al\u00f3 que se le est\u00e1 dando\u00a0<strong>seguimiento a los casos<\/strong>\u00a0de\u00a0<strong>bullying<\/strong>\u00a0que tienen registrados, y en cuanto al incidente\u00a0<strong>violento<\/strong>\u00a0frente a la escuela\u00a0Fernando Ximello, en la junta auxiliar\u00a0<strong>Ignacio Romero Vargas<\/strong>, coment\u00f3 que contin\u00faan los recorridos de supervisi\u00f3n en la escuela afectada.<br>Por otra parte, coment\u00f3 que la dependencia intensificar\u00e1 sus labores de\u00a0<strong>supervisi\u00f3n<\/strong>\u00a0para implementar la prohibici\u00f3n de\u00a0<strong>comida chatarra<\/strong>\u00a0en las escuelas, al tiempo que declar\u00f3 las brigadas han recibido buena aceptaci\u00f3n durante las\u00a0<strong>jornadas de valoraci\u00f3n m\u00e9dica<\/strong>\u00a0de los estudiantes.\u00a0<\/p>\n","protected":false},"excerpt":{"rendered":"<p>El secretario de Educaci\u00f3n estatal,\u00a0Manuel Viveros, dio a conocer que la dependencia a su cargo atiende 35 casos registrados de acoso escolar o\u00a0bullying, de los cuales\u00a016 son en primarias. As\u00ed lo asegur\u00f3 en\u00a0entrevistaprevia al informe por los cien d\u00edas del gobernador\u00a0Alejandro Armenta, durante la cual el funcionario estatal expres\u00f3 que se trata de\u00a0casos\u00a0que han recibido [&hellip;]<\/p>\n","protected":false},"author":4,"featured_media":60335,"comment_status":"open","ping_status":"open","sticky":false,"template":"","format":"standard","meta":{"om_disable_all_campaigns":false,"_monsterinsights_skip_tracking":false,"_monsterinsights_sitenote_active":false,"_monsterinsights_sitenote_note":"","_monsterinsights_sitenote_category":0,"footnotes":""},"categories":[175],"tags":[223],"class_list":["post-60334","post","type-post","status-publish","format-standard","has-post-thumbnail","hentry","category-local","tag-puebla"],"amp_enabled":true,"_links":{"self":[{"href":"https:\/\/lahora.mx\/index.php\/wp-json\/wp\/v2\/posts\/60334","targetHints":{"allow":["GET"]}}],"collection":[{"href":"https:\/\/lahora.mx\/index.php\/wp-json\/wp\/v2\/posts"}],"about":[{"href":"https:\/\/lahora.mx\/index.php\/wp-json\/wp\/v2\/types\/post"}],"author":[{"embeddable":true,"href":"https:\/\/lahora.mx\/index.php\/wp-json\/wp\/v2\/users\/4"}],"replies":[{"embeddable":true,"href":"https:\/\/lahora.mx\/index.php\/wp-json\/wp\/v2\/comments?post=60334"}],"version-history":[{"count":1,"href":"https:\/\/lahora.mx\/index.php\/wp-json\/wp\/v2\/posts\/60334\/revisions"}],"predecessor-version":[{"id":60336,"href":"https:\/\/lahora.mx\/index.php\/wp-json\/wp\/v2\/posts\/60334\/revisions\/60336"}],"wp:featuredmedia":[{"embeddable":true,"href":"https:\/\/lahora.mx\/index.php\/wp-json\/wp\/v2\/media\/60335"}],"wp:attachment":[{"href":"https:\/\/lahora.mx\/index.php\/wp-json\/wp\/v2\/media?parent=60334"}],"wp:term":[{"taxonomy":"category","embeddable":true,"href":"https:\/\/lahora.mx\/index.php\/wp-json\/wp\/v2\/categories?post=60334"},{"taxonomy":"post_tag","embeddable":true,"href":"https:\/\/lahora.mx\/index.php\/wp-json\/wp\/v2\/tags?post=60334"}],"curies":[{"name":"wp","href":"https:\/\/api.w.org\/{rel}","templated":true}]}}