{"id":60331,"date":"2025-03-27T21:55:47","date_gmt":"2025-03-27T21:55:47","guid":{"rendered":"https:\/\/lahora.mx\/?p=60331"},"modified":"2025-03-27T21:55:48","modified_gmt":"2025-03-27T21:55:48","slug":"feministas-de-puebla-critican-voto-contra-desafuero-de-cuauhtemoc-blanco","status":"publish","type":"post","link":"https:\/\/lahora.mx\/index.php\/2025\/03\/27\/feministas-de-puebla-critican-voto-contra-desafuero-de-cuauhtemoc-blanco\/","title":{"rendered":"Feministas de Puebla critican voto contra desafuero de Cuauht\u00e9moc Blanco"},"content":{"rendered":"\n<p><strong>Colectivos feministas<\/strong>&nbsp;de la&nbsp;<strong>Sierra Norte de Puebla<\/strong>alzaron la voz contra la decisi\u00f3n de la&nbsp;<strong>C\u00e1mara de Diputados<\/strong>&nbsp;de rechazar el&nbsp;<strong>desafuero<\/strong>&nbsp;del exgobernador de Morelos y actual diputado federal de Morena,&nbsp;<strong>Cuauht\u00e9moc Blanco Bravo<\/strong>, acusado de&nbsp;<strong>tentativa de violaci\u00f3n<\/strong>&nbsp;contra su&nbsp;<strong>media hermana<\/strong>.<\/p>\n\n\n\n<p>Las agrupaciones denunciaron a la diputada federal,&nbsp;<strong>Gissel Santander Soto<\/strong>, representante del Distrito 1 de&nbsp;<strong>Huauchinango,<\/strong>por traicionar la&nbsp;<strong>lucha de las mujeres<\/strong>.<\/p>\n\n\n\n<h2 class=\"wp-block-heading\"><strong>Indignaci\u00f3n en la Sierra Norte de Puebla<\/strong><\/h2>\n\n\n\n<p>Uno de los se\u00f1alamientos lo expres\u00f3 el colectivo\u00a0feminista\u00a0\u201c<strong>Vivas nos queremos Xicotepec<\/strong>\u201d:<br><br>\u201c<strong>El feminismo no es vestirse de morado<\/strong>, se\u00f1ora diputada, es posicionarse con las v\u00edctimas, no con el agresor\u201d, escribieron en redes sociales, acus\u00e1ndola de traicionar la\u00a0<strong>causa feminista.<\/strong><\/p>\n\n\n\n<p>El colectivo record\u00f3 que la diputada se posicion\u00f3 p\u00fablicamente a favor de los derechos de las mujeres, pero consideran que su&nbsp;<strong>voto<\/strong>&nbsp;demuestra lo contrario.<\/p>\n\n\n\n<p>\u201cNos averg\u00fcenza que la diputada que representa a nuestro distrito haya emitido su voto a favor de un\u00a0<strong>violador sexual<\/strong>. Gracias a su voto a favor de desechar la solicitud de desafuero de\u00a0Cuauht\u00e9moc Blanco, no enfrentar\u00e1 la\u00a0<strong>justicia<\/strong>\u201d, se\u00f1alaron.<br><br><strong>Medios locales expresan su opini\u00f3n<\/strong><\/p>\n\n\n\n<p>Por otra parte, los&nbsp;<strong>medios locales<\/strong>&nbsp;tambi\u00e9n criticaron a la diputada. En Facebook \u201c<strong>Noticias de la Sierra Norte de Puebla<\/strong>\u201d public\u00f3 que la diputada \u201cdemostr\u00f3 que es una oportunista\u201d, sin compromiso con las mujeres de&nbsp;<strong>Huauchinango<\/strong>.<\/p>\n\n\n\n<p>\u201cSu voto a favor de mantener el fuero de\u00a0<strong>Cuauht\u00e9moc Blanco<\/strong>, acusado de intento de violaci\u00f3n, es una bofetada para todas las\u00a0<strong>v\u00edctimas<\/strong>\u00a0de\u00a0<strong>violencia de g\u00e9nero<\/strong>. Nos traicion\u00f3. Y lo hizo con el mismo cinismo con el que\u00a0<strong>Morena<\/strong>\u00a0la impuso, sin que nadie \u2014ni siquiera los militantes del partido\u2014 se atreviera a cuestionarlo\u201d, se\u00f1al\u00f3 el medio.<br><strong>Votos poblanos que protegen la impunidad<\/strong><\/p>\n\n\n\n<p>De los&nbsp;<strong>23<\/strong>&nbsp;diputados federales poblanos,&nbsp;<strong>14<\/strong>&nbsp;votaron&nbsp;<strong>a favor<\/strong>&nbsp;de mantener el&nbsp;<strong>fuero de Cuauht\u00e9moc Blanco<\/strong>; 8 en contra; y&nbsp;<strong>una abstenci\u00f3n.<\/strong><\/p>\n\n\n\n<p>En total, el pleno de la\u00a0C\u00e1mara de Diputados\u00a0rechaz\u00f3 el\u00a0<strong>desafuero<\/strong>, con\u00a0<strong>291<\/strong>\u00a0votos a favor,\u00a0<strong>158<\/strong>\u00a0en contra y\u00a0<strong>12<\/strong>\u00a0abstenciones.\u00a0<\/p>\n","protected":false},"excerpt":{"rendered":"<p>Colectivos feministas&nbsp;de la&nbsp;Sierra Norte de Pueblaalzaron la voz contra la decisi\u00f3n de la&nbsp;C\u00e1mara de Diputados&nbsp;de rechazar el&nbsp;desafuero&nbsp;del exgobernador de Morelos y actual diputado federal de Morena,&nbsp;Cuauht\u00e9moc Blanco Bravo, acusado de&nbsp;tentativa de violaci\u00f3n&nbsp;contra su&nbsp;media hermana. Las agrupaciones denunciaron a la diputada federal,&nbsp;Gissel Santander Soto, representante del Distrito 1 de&nbsp;Huauchinango,por traicionar la&nbsp;lucha de las mujeres. Indignaci\u00f3n en [&hellip;]<\/p>\n","protected":false},"author":4,"featured_media":60332,"comment_status":"open","ping_status":"open","sticky":false,"template":"","format":"standard","meta":{"om_disable_all_campaigns":false,"_monsterinsights_skip_tracking":false,"_monsterinsights_sitenote_active":false,"_monsterinsights_sitenote_note":"","_monsterinsights_sitenote_category":0,"footnotes":""},"categories":[175,176],"tags":[],"class_list":["post-60331","post","type-post","status-publish","format-standard","has-post-thumbnail","hentry","category-local","category-nacional"],"amp_enabled":true,"_links":{"self":[{"href":"https:\/\/lahora.mx\/index.php\/wp-json\/wp\/v2\/posts\/60331","targetHints":{"allow":["GET"]}}],"collection":[{"href":"https:\/\/lahora.mx\/index.php\/wp-json\/wp\/v2\/posts"}],"about":[{"href":"https:\/\/lahora.mx\/index.php\/wp-json\/wp\/v2\/types\/post"}],"author":[{"embeddable":true,"href":"https:\/\/lahora.mx\/index.php\/wp-json\/wp\/v2\/users\/4"}],"replies":[{"embeddable":true,"href":"https:\/\/lahora.mx\/index.php\/wp-json\/wp\/v2\/comments?post=60331"}],"version-history":[{"count":1,"href":"https:\/\/lahora.mx\/index.php\/wp-json\/wp\/v2\/posts\/60331\/revisions"}],"predecessor-version":[{"id":60333,"href":"https:\/\/lahora.mx\/index.php\/wp-json\/wp\/v2\/posts\/60331\/revisions\/60333"}],"wp:featuredmedia":[{"embeddable":true,"href":"https:\/\/lahora.mx\/index.php\/wp-json\/wp\/v2\/media\/60332"}],"wp:attachment":[{"href":"https:\/\/lahora.mx\/index.php\/wp-json\/wp\/v2\/media?parent=60331"}],"wp:term":[{"taxonomy":"category","embeddable":true,"href":"https:\/\/lahora.mx\/index.php\/wp-json\/wp\/v2\/categories?post=60331"},{"taxonomy":"post_tag","embeddable":true,"href":"https:\/\/lahora.mx\/index.php\/wp-json\/wp\/v2\/tags?post=60331"}],"curies":[{"name":"wp","href":"https:\/\/api.w.org\/{rel}","templated":true}]}}