{"id":60328,"date":"2025-03-27T21:53:03","date_gmt":"2025-03-27T21:53:03","guid":{"rendered":"https:\/\/lahora.mx\/?p=60328"},"modified":"2025-03-27T21:53:03","modified_gmt":"2025-03-27T21:53:03","slug":"segmentos-de-jetta-taos-y-tiguan-de-vw-se-van-a-tiempo-extra-este-sabado","status":"publish","type":"post","link":"https:\/\/lahora.mx\/index.php\/2025\/03\/27\/segmentos-de-jetta-taos-y-tiguan-de-vw-se-van-a-tiempo-extra-este-sabado\/","title":{"rendered":"Segmentos de Jetta, Taos y Tiguan de VW se van a tiempo extra este s\u00e1bado"},"content":{"rendered":"\n<p>Los&nbsp;<strong>trabajadores<\/strong>&nbsp;de los&nbsp;<strong>segmentos de Taos, Jetta y Tiguan<\/strong>&nbsp;de&nbsp;<strong>Volkswagen<\/strong>&nbsp;en Puebla laborar\u00e1n&nbsp;<strong>tiempo extra<\/strong>&nbsp;este&nbsp;<strong>s\u00e1bado 29 de marzo<\/strong>&nbsp;para la recuperaci\u00f3n de unidades.<\/p>\n\n\n\n<p>As\u00ed lo inform\u00f3 a trav\u00e9s de una circular el\u00a0<strong>Sindicato Independiente de Trabajadores de la Industria Automotriz Volkswagen<\/strong>\u00a0(SITIAVW), adem\u00e1s de indicar que la jornada ser\u00e1 pagada con el\u00a0<strong>incentivo de un d\u00eda tabulado<\/strong>.<br>En cuanto al\u00a0<strong>Segmento III de la Taos<\/strong>\u00a0se especifica que el\u00a0<strong>primer turno<\/strong>\u00a0trabajar\u00e1 de 6:00 a 15:00 horas y el\u00a0<strong>segundo<\/strong>\u00a0de 15:00 a 23:30 horas.<br><br>Con respecto al\u00a0segmento de Jetta y Tiguan\u00a0el\u00a0<strong>primer turno<\/strong>laborar\u00e1 de 6:00 a 15:00 horas.<br><br>Sin embargo, se especific\u00f3 que en el caso del\u00a0<strong>segundo turno del Segmento II de Tiguan<\/strong>\u00a0del \u00e1rea de\u00a0<strong>hojalateria<\/strong>\u00a0trabajar\u00e1n bajo listado de las 15:00 a 23:30 horas.<\/p>\n\n\n\n<p>Asimismo, solicitaron el apoyo y\u00a0<strong>comprensi\u00f3n de los t\u00e9cnicos<\/strong>, ya que se trataba de\u00a0circunstancias externas.\u00a0<\/p>\n","protected":false},"excerpt":{"rendered":"<p>Los&nbsp;trabajadores&nbsp;de los&nbsp;segmentos de Taos, Jetta y Tiguan&nbsp;de&nbsp;Volkswagen&nbsp;en Puebla laborar\u00e1n&nbsp;tiempo extra&nbsp;este&nbsp;s\u00e1bado 29 de marzo&nbsp;para la recuperaci\u00f3n de unidades. As\u00ed lo inform\u00f3 a trav\u00e9s de una circular el\u00a0Sindicato Independiente de Trabajadores de la Industria Automotriz Volkswagen\u00a0(SITIAVW), adem\u00e1s de indicar que la jornada ser\u00e1 pagada con el\u00a0incentivo de un d\u00eda tabulado.En cuanto al\u00a0Segmento III de la Taos\u00a0se especifica [&hellip;]<\/p>\n","protected":false},"author":4,"featured_media":60329,"comment_status":"open","ping_status":"open","sticky":false,"template":"","format":"standard","meta":{"om_disable_all_campaigns":false,"_monsterinsights_skip_tracking":false,"_monsterinsights_sitenote_active":false,"_monsterinsights_sitenote_note":"","_monsterinsights_sitenote_category":0,"footnotes":""},"categories":[175],"tags":[],"class_list":["post-60328","post","type-post","status-publish","format-standard","has-post-thumbnail","hentry","category-local"],"amp_enabled":true,"_links":{"self":[{"href":"https:\/\/lahora.mx\/index.php\/wp-json\/wp\/v2\/posts\/60328","targetHints":{"allow":["GET"]}}],"collection":[{"href":"https:\/\/lahora.mx\/index.php\/wp-json\/wp\/v2\/posts"}],"about":[{"href":"https:\/\/lahora.mx\/index.php\/wp-json\/wp\/v2\/types\/post"}],"author":[{"embeddable":true,"href":"https:\/\/lahora.mx\/index.php\/wp-json\/wp\/v2\/users\/4"}],"replies":[{"embeddable":true,"href":"https:\/\/lahora.mx\/index.php\/wp-json\/wp\/v2\/comments?post=60328"}],"version-history":[{"count":1,"href":"https:\/\/lahora.mx\/index.php\/wp-json\/wp\/v2\/posts\/60328\/revisions"}],"predecessor-version":[{"id":60330,"href":"https:\/\/lahora.mx\/index.php\/wp-json\/wp\/v2\/posts\/60328\/revisions\/60330"}],"wp:featuredmedia":[{"embeddable":true,"href":"https:\/\/lahora.mx\/index.php\/wp-json\/wp\/v2\/media\/60329"}],"wp:attachment":[{"href":"https:\/\/lahora.mx\/index.php\/wp-json\/wp\/v2\/media?parent=60328"}],"wp:term":[{"taxonomy":"category","embeddable":true,"href":"https:\/\/lahora.mx\/index.php\/wp-json\/wp\/v2\/categories?post=60328"},{"taxonomy":"post_tag","embeddable":true,"href":"https:\/\/lahora.mx\/index.php\/wp-json\/wp\/v2\/tags?post=60328"}],"curies":[{"name":"wp","href":"https:\/\/api.w.org\/{rel}","templated":true}]}}