{"id":60312,"date":"2025-03-27T18:29:56","date_gmt":"2025-03-27T18:29:56","guid":{"rendered":"https:\/\/lahora.mx\/?p=60312"},"modified":"2025-03-27T18:29:57","modified_gmt":"2025-03-27T18:29:57","slug":"pepe-chedraui-encabeza-reunion-informativa-sobre-parquimetros","status":"publish","type":"post","link":"https:\/\/lahora.mx\/index.php\/2025\/03\/27\/pepe-chedraui-encabeza-reunion-informativa-sobre-parquimetros\/","title":{"rendered":"Pepe Chedraui encabeza reuni\u00f3n informativa sobre parqu\u00edmetros"},"content":{"rendered":"\n<p>El presidente municipal,&nbsp;<strong>Pepe Chedraui Budib,<\/strong>&nbsp;encabez\u00f3 una reuni\u00f3n de trabajo con representantes de las colonias&nbsp;<strong>Chulavista<\/strong>&nbsp;y&nbsp;<strong>El Carmen<\/strong>&nbsp;con el objetivo de presentar los beneficios y funcionamiento del&nbsp;<strong>Programa de Estacionamiento Rotativo<\/strong>.<\/p>\n\n\n\n<p>En este marco, el\u00a0<strong>edil capitalino<\/strong>\u00a0mencion\u00f3 que este programa est\u00e1 dise\u00f1ado para optimizar el<strong>\u00a0uso del espacio p\u00fablico<\/strong>, mejorar la movilidad y garantizar un acceso m\u00e1s equitativo a los espacios de\u00a0<strong>estacionamiento<\/strong>\u00a0en los diferentes corredores que lo conforman.<br>\u201cSomos un\u00a0<strong>gobierno abierto<\/strong>, que escucha y atiende las\u00a0<strong>necesidades<\/strong>\u00a0de todas y todos, respetuoso siempre a la diversidad de opiniones. Por ello, priorizamos el\u00a0<strong>di\u00e1logo<\/strong>\u00a0y el acuerdo, ya que es el mejor camino en la b\u00fasqueda de una\u00a0<strong>mejor ciudad<\/strong>\u201d, destac\u00f3.<br><br>A su vez, el secretario de\u00a0<strong>Movilidad e Infraestructura<\/strong>,\u00a0<strong>David Aysa,<\/strong>mencion\u00f3 que la implementaci\u00f3n del\u00a0<strong>Programa de Estacionamiento Rotativo<\/strong>\u00a0es un paso importante hacia una\u00a0<strong>ciudad m\u00e1s organizada<\/strong>, eficiente y accesible para todos.<br>\u201cLa puesta en marcha de este&nbsp;<strong>programa de movilidad<\/strong>&nbsp;traer\u00e1 beneficios a todos los usuarios de la v\u00eda, mejorando la&nbsp;<strong>calidad de vida<\/strong>&nbsp;de la comunidad y promoviendo una mayor equidad en el uso del&nbsp;<strong>espacio p\u00fablico<\/strong>\u201d, puntualiz\u00f3.<\/p>\n\n\n\n<p>Durante este encuentro informativo se presentaron los&nbsp;<strong>horarios de funcionamiento<\/strong>, formas de&nbsp;<strong>registro<\/strong>, disponibilidad de&nbsp;<strong>cajones de estacionamiento<\/strong>, tarifa,&nbsp;<strong>m\u00e9todos de pago<\/strong>&nbsp;y permisos para residentes.&nbsp;<\/p>\n","protected":false},"excerpt":{"rendered":"<p>El presidente municipal,&nbsp;Pepe Chedraui Budib,&nbsp;encabez\u00f3 una reuni\u00f3n de trabajo con representantes de las colonias&nbsp;Chulavista&nbsp;y&nbsp;El Carmen&nbsp;con el objetivo de presentar los beneficios y funcionamiento del&nbsp;Programa de Estacionamiento Rotativo. En este marco, el\u00a0edil capitalino\u00a0mencion\u00f3 que este programa est\u00e1 dise\u00f1ado para optimizar el\u00a0uso del espacio p\u00fablico, mejorar la movilidad y garantizar un acceso m\u00e1s equitativo a los espacios [&hellip;]<\/p>\n","protected":false},"author":4,"featured_media":60313,"comment_status":"open","ping_status":"open","sticky":false,"template":"","format":"standard","meta":{"om_disable_all_campaigns":false,"_monsterinsights_skip_tracking":false,"_monsterinsights_sitenote_active":false,"_monsterinsights_sitenote_note":"","_monsterinsights_sitenote_category":0,"footnotes":""},"categories":[175],"tags":[223],"class_list":["post-60312","post","type-post","status-publish","format-standard","has-post-thumbnail","hentry","category-local","tag-puebla"],"amp_enabled":true,"_links":{"self":[{"href":"https:\/\/lahora.mx\/index.php\/wp-json\/wp\/v2\/posts\/60312","targetHints":{"allow":["GET"]}}],"collection":[{"href":"https:\/\/lahora.mx\/index.php\/wp-json\/wp\/v2\/posts"}],"about":[{"href":"https:\/\/lahora.mx\/index.php\/wp-json\/wp\/v2\/types\/post"}],"author":[{"embeddable":true,"href":"https:\/\/lahora.mx\/index.php\/wp-json\/wp\/v2\/users\/4"}],"replies":[{"embeddable":true,"href":"https:\/\/lahora.mx\/index.php\/wp-json\/wp\/v2\/comments?post=60312"}],"version-history":[{"count":1,"href":"https:\/\/lahora.mx\/index.php\/wp-json\/wp\/v2\/posts\/60312\/revisions"}],"predecessor-version":[{"id":60315,"href":"https:\/\/lahora.mx\/index.php\/wp-json\/wp\/v2\/posts\/60312\/revisions\/60315"}],"wp:featuredmedia":[{"embeddable":true,"href":"https:\/\/lahora.mx\/index.php\/wp-json\/wp\/v2\/media\/60313"}],"wp:attachment":[{"href":"https:\/\/lahora.mx\/index.php\/wp-json\/wp\/v2\/media?parent=60312"}],"wp:term":[{"taxonomy":"category","embeddable":true,"href":"https:\/\/lahora.mx\/index.php\/wp-json\/wp\/v2\/categories?post=60312"},{"taxonomy":"post_tag","embeddable":true,"href":"https:\/\/lahora.mx\/index.php\/wp-json\/wp\/v2\/tags?post=60312"}],"curies":[{"name":"wp","href":"https:\/\/api.w.org\/{rel}","templated":true}]}}