{"id":60304,"date":"2025-03-27T16:46:08","date_gmt":"2025-03-27T16:46:08","guid":{"rendered":"https:\/\/lahora.mx\/?p=60304"},"modified":"2025-03-27T16:46:09","modified_gmt":"2025-03-27T16:46:09","slug":"modernizan-alumbrado-publico-en-la-unidad-habitacional-san-pedro","status":"publish","type":"post","link":"https:\/\/lahora.mx\/index.php\/2025\/03\/27\/modernizan-alumbrado-publico-en-la-unidad-habitacional-san-pedro\/","title":{"rendered":"Modernizan alumbrado p\u00fablico en la Unidad Habitacional San Pedro"},"content":{"rendered":"\n<p>La&nbsp;<strong>modernizaci\u00f3n del alumbrado p\u00fablico<\/strong>&nbsp;avanz\u00f3 en la&nbsp;<strong>Unidad Habitacional San Pedro<\/strong>, donde el presidente municipal,&nbsp;<strong>Pepe Chedraui Budib<\/strong>, con un total de&nbsp;<strong>94 luminarias<\/strong>, logr\u00f3 la cobertura del 100 por ciento de luminarias con&nbsp;<strong>tecnolog\u00eda LED.<\/strong><\/p>\n\n\n\n<p>\u00abS\u00e9 que nos pusimos metas muy importantes,\u00a0<strong>49 mil\u00a0<\/strong>de estas en todo\u00a0<strong>Puebla capital<\/strong>, no va a haber una\u00a0<strong>calle sin luz<\/strong>\u00a0y por eso el programa se llama\u00a0<strong>Puebla Brilla<\/strong>, Puebla tiene que brillar y tiene que brillar en todos los sentidos\u00bb, expres\u00f3 el alcalde.<br>De esta forma, el\u00a0<strong>Gobierno de la Ciudad<\/strong>\u00a0contin\u00faa avanzando con el\u00a0<strong>Programa Puebla Brilla<\/strong>, una estrategia clave para la\u00a0<strong>modernizaci\u00f3n del parque lum\u00ednico<\/strong>\u00a0en el municipio.<br>Asimismo, reconoci\u00f3 el liderazgo del gobernador del estado,\u00a0<strong>Alejandro Armenta,<\/strong>\u00a0as\u00ed como de la presidenta de la Rep\u00fablica,\u00a0<strong>Claudia Sheinbaum<\/strong>, quienes se han ocupado de brindar\u00a0<strong>servicios y programas<\/strong>\u00a0que benefician a toda la\u00a0<strong>ciudadan\u00eda<\/strong>durante este periodo de trabajo.<br><br>A su vez, el titular de la Secretar\u00eda de Servicios P\u00fablicos,&nbsp;<strong>Clemente G\u00f3mez<\/strong>, detall\u00f3 que con la sustituci\u00f3n de&nbsp;<strong>49 mil luminarias obsoletas<\/strong>&nbsp;por tecnolog\u00eda&nbsp;<strong>LED<\/strong>&nbsp;en todo el municipio, esta iniciativa busca&nbsp;<strong>reducir<\/strong>&nbsp;el&nbsp;<strong>consumo energ\u00e9tico&nbsp;<\/strong>y contribuir a la&nbsp;<strong>sostenibilidad ambiental<\/strong>.<\/p>\n\n\n\n<p>En la&nbsp;<strong>Unidad Habitacional<\/strong>&nbsp;<strong>San Pedro<\/strong>&nbsp;fueron renovadas m\u00e1s de&nbsp;<strong>90 luminarias con tecnolog\u00eda LED<\/strong>, reducci\u00f3n de fallas, as\u00ed como mejora de la&nbsp;<strong>seguridad<\/strong>&nbsp;y calidad de vida de los habitantes<\/p>\n","protected":false},"excerpt":{"rendered":"<p>La&nbsp;modernizaci\u00f3n del alumbrado p\u00fablico&nbsp;avanz\u00f3 en la&nbsp;Unidad Habitacional San Pedro, donde el presidente municipal,&nbsp;Pepe Chedraui Budib, con un total de&nbsp;94 luminarias, logr\u00f3 la cobertura del 100 por ciento de luminarias con&nbsp;tecnolog\u00eda LED. \u00abS\u00e9 que nos pusimos metas muy importantes,\u00a049 mil\u00a0de estas en todo\u00a0Puebla capital, no va a haber una\u00a0calle sin luz\u00a0y por eso el programa se [&hellip;]<\/p>\n","protected":false},"author":4,"featured_media":60305,"comment_status":"open","ping_status":"open","sticky":false,"template":"","format":"standard","meta":{"om_disable_all_campaigns":false,"_monsterinsights_skip_tracking":false,"_monsterinsights_sitenote_active":false,"_monsterinsights_sitenote_note":"","_monsterinsights_sitenote_category":0,"footnotes":""},"categories":[175],"tags":[234],"class_list":["post-60304","post","type-post","status-publish","format-standard","has-post-thumbnail","hentry","category-local","tag-cholula"],"amp_enabled":true,"_links":{"self":[{"href":"https:\/\/lahora.mx\/index.php\/wp-json\/wp\/v2\/posts\/60304","targetHints":{"allow":["GET"]}}],"collection":[{"href":"https:\/\/lahora.mx\/index.php\/wp-json\/wp\/v2\/posts"}],"about":[{"href":"https:\/\/lahora.mx\/index.php\/wp-json\/wp\/v2\/types\/post"}],"author":[{"embeddable":true,"href":"https:\/\/lahora.mx\/index.php\/wp-json\/wp\/v2\/users\/4"}],"replies":[{"embeddable":true,"href":"https:\/\/lahora.mx\/index.php\/wp-json\/wp\/v2\/comments?post=60304"}],"version-history":[{"count":1,"href":"https:\/\/lahora.mx\/index.php\/wp-json\/wp\/v2\/posts\/60304\/revisions"}],"predecessor-version":[{"id":60306,"href":"https:\/\/lahora.mx\/index.php\/wp-json\/wp\/v2\/posts\/60304\/revisions\/60306"}],"wp:featuredmedia":[{"embeddable":true,"href":"https:\/\/lahora.mx\/index.php\/wp-json\/wp\/v2\/media\/60305"}],"wp:attachment":[{"href":"https:\/\/lahora.mx\/index.php\/wp-json\/wp\/v2\/media?parent=60304"}],"wp:term":[{"taxonomy":"category","embeddable":true,"href":"https:\/\/lahora.mx\/index.php\/wp-json\/wp\/v2\/categories?post=60304"},{"taxonomy":"post_tag","embeddable":true,"href":"https:\/\/lahora.mx\/index.php\/wp-json\/wp\/v2\/tags?post=60304"}],"curies":[{"name":"wp","href":"https:\/\/api.w.org\/{rel}","templated":true}]}}