{"id":60301,"date":"2025-03-27T16:43:36","date_gmt":"2025-03-27T16:43:36","guid":{"rendered":"https:\/\/lahora.mx\/?p=60301"},"modified":"2025-03-27T16:43:36","modified_gmt":"2025-03-27T16:43:36","slug":"taxistas-marchan-hacia-al-cis-por-segunda-ocasion-bloqueando-el-paso-en-la-atlixcayotl","status":"publish","type":"post","link":"https:\/\/lahora.mx\/index.php\/2025\/03\/27\/taxistas-marchan-hacia-al-cis-por-segunda-ocasion-bloqueando-el-paso-en-la-atlixcayotl\/","title":{"rendered":"Taxistas marchan hacia al CIS por segunda ocasi\u00f3n bloqueando el paso en la Atlixc\u00e1yotl"},"content":{"rendered":"\n<p><strong>Taxistas del Perif\u00e9rico&nbsp;<\/strong>agremiados a la Uni\u00f3n Popular de Vendedores Ambulantes<strong>&nbsp;(UPVA) 28 de Octubre&nbsp;<\/strong>se congregaron en&nbsp;<strong>Lomas de Angel\u00f3polis<\/strong>.<\/p>\n\n\n\n<p>La ma\u00f1ana de este jueves, marchan por la&nbsp;<strong>V\u00eda Atlixc\u00e1yotl&nbsp;<\/strong>hacia el&nbsp;<strong>Centro Integral de Servicios (CIS)&nbsp;<\/strong>para exigir respuestas del&nbsp;<strong>Gobierno de Puebla<\/strong>&nbsp;sobre el&nbsp;<strong>retiro de sus unidades<\/strong>&nbsp;que funcionaban de manera colectiva en la zona.<\/p>\n\n\n\n<p>Esta es la segunda ocasi\u00f3n <strong>\u00a0que realizan una protesta.\u00a0<\/strong>La anterior ocurri\u00f3 el pasado<strong>\u00a0jueves 20 de marzo<\/strong>\u00a0donde estipularon que dar\u00edan un plazo para obtener soluciones, de lo contrario volver\u00edan a cerrar la\u00a0<strong>Atlixc\u00e1yotl<\/strong>.<br>La movilizaci\u00f3n inici\u00f3 alrededor de las&nbsp;<strong>0<\/strong><strong>9:00 horas<\/strong>&nbsp;en la Avenida del Castillo, en la zona de&nbsp;<strong>Sonata.<\/strong>&nbsp;Cerca de&nbsp;<strong>350 personas participaron en la protesta<\/strong>, expresando su inconformidad por la falta de di\u00e1logo con las autoridades.<\/p>\n\n\n\n<p>De acuerdo con los inconformes,<strong>&nbsp;m\u00e1s de mil personas que depend\u00edan del transporte colectivo se encuentran sin empleo<\/strong>. Su principal demanda es la<strong>&nbsp;reinstalaci\u00f3n de este servicio.<\/strong><\/p>\n\n\n\n<p>Adem\u00e1s, se\u00f1alaron que las decisiones del gobierno estatal han sido tomadas&nbsp;<strong>sin consultar a los involucrados,&nbsp;<\/strong>lo que ha complicado a\u00fan m\u00e1s la situaci\u00f3n.<\/p>\n\n\n\n<p>No somos criminales,\u00a0somos trabajadores. Basta al maltrato a la 28 de Octubre. Queremos tener trabajo\u00bb, se lee en las pancartas.<br>Esta manifestaci\u00f3n coincidi\u00f3 con el\u00a0<strong>informe de los primeros 100 d\u00edas de gobierno de Alejandro Armenta Mier,\u00a0<\/strong>gobernador de Puebla.\u00a0<\/p>\n","protected":false},"excerpt":{"rendered":"<p>Taxistas del Perif\u00e9rico&nbsp;agremiados a la Uni\u00f3n Popular de Vendedores Ambulantes&nbsp;(UPVA) 28 de Octubre&nbsp;se congregaron en&nbsp;Lomas de Angel\u00f3polis. La ma\u00f1ana de este jueves, marchan por la&nbsp;V\u00eda Atlixc\u00e1yotl&nbsp;hacia el&nbsp;Centro Integral de Servicios (CIS)&nbsp;para exigir respuestas del&nbsp;Gobierno de Puebla&nbsp;sobre el&nbsp;retiro de sus unidades&nbsp;que funcionaban de manera colectiva en la zona. Esta es la segunda ocasi\u00f3n \u00a0que realizan una [&hellip;]<\/p>\n","protected":false},"author":4,"featured_media":60302,"comment_status":"open","ping_status":"open","sticky":false,"template":"","format":"standard","meta":{"om_disable_all_campaigns":false,"_monsterinsights_skip_tracking":false,"_monsterinsights_sitenote_active":false,"_monsterinsights_sitenote_note":"","_monsterinsights_sitenote_category":0,"footnotes":""},"categories":[175],"tags":[195,223],"class_list":["post-60301","post","type-post","status-publish","format-standard","has-post-thumbnail","hentry","category-local","tag-principal","tag-puebla"],"amp_enabled":true,"_links":{"self":[{"href":"https:\/\/lahora.mx\/index.php\/wp-json\/wp\/v2\/posts\/60301","targetHints":{"allow":["GET"]}}],"collection":[{"href":"https:\/\/lahora.mx\/index.php\/wp-json\/wp\/v2\/posts"}],"about":[{"href":"https:\/\/lahora.mx\/index.php\/wp-json\/wp\/v2\/types\/post"}],"author":[{"embeddable":true,"href":"https:\/\/lahora.mx\/index.php\/wp-json\/wp\/v2\/users\/4"}],"replies":[{"embeddable":true,"href":"https:\/\/lahora.mx\/index.php\/wp-json\/wp\/v2\/comments?post=60301"}],"version-history":[{"count":1,"href":"https:\/\/lahora.mx\/index.php\/wp-json\/wp\/v2\/posts\/60301\/revisions"}],"predecessor-version":[{"id":60303,"href":"https:\/\/lahora.mx\/index.php\/wp-json\/wp\/v2\/posts\/60301\/revisions\/60303"}],"wp:featuredmedia":[{"embeddable":true,"href":"https:\/\/lahora.mx\/index.php\/wp-json\/wp\/v2\/media\/60302"}],"wp:attachment":[{"href":"https:\/\/lahora.mx\/index.php\/wp-json\/wp\/v2\/media?parent=60301"}],"wp:term":[{"taxonomy":"category","embeddable":true,"href":"https:\/\/lahora.mx\/index.php\/wp-json\/wp\/v2\/categories?post=60301"},{"taxonomy":"post_tag","embeddable":true,"href":"https:\/\/lahora.mx\/index.php\/wp-json\/wp\/v2\/tags?post=60301"}],"curies":[{"name":"wp","href":"https:\/\/api.w.org\/{rel}","templated":true}]}}