{"id":60285,"date":"2025-03-27T00:28:39","date_gmt":"2025-03-27T00:28:39","guid":{"rendered":"https:\/\/lahora.mx\/?p=60285"},"modified":"2025-03-27T00:28:40","modified_gmt":"2025-03-27T00:28:40","slug":"pepe-chedraui-y-tiendas-oxxo-firman-convenio-para-instalar-33-torres-atalaya-y-botones-de-panico","status":"publish","type":"post","link":"https:\/\/lahora.mx\/index.php\/2025\/03\/27\/pepe-chedraui-y-tiendas-oxxo-firman-convenio-para-instalar-33-torres-atalaya-y-botones-de-panico\/","title":{"rendered":"Pepe Chedraui y tiendas Oxxo firman convenio para instalar 33 torres atalaya y botones de p\u00e1nico"},"content":{"rendered":"\n<p class=\"wp-block-paragraph\">El presidente municipal de Puebla,\u00a0<strong>Pepe Chedraui<\/strong>\u00a0firm\u00f3 el convenio de colaboraci\u00f3n para la instalaci\u00f3n de\u00a0<strong>33 torres atalaya y botones de p\u00e1nico en tiendas de conveniencia Oxxo,<\/strong>\u00a0con el prop\u00f3sito de prevenir y combatir actos delictivos.<\/p>\n\n\n\n<p class=\"wp-block-paragraph\">La firma de convenio se realiz\u00f3 este mi\u00e9rcoles 26 de marzo en el Palacio Municipal, donde tambi\u00e9n particip\u00f3&nbsp;<strong>Gilberto Florentino Meza Guti\u00e9rrez<\/strong>, gerente regional de operaciones&nbsp;<strong>cadena comercial Oxxo<\/strong>.<\/p>\n\n\n\n<p class=\"wp-block-paragraph\">El alcalde capitalino precis\u00f3 que las torres&nbsp;<strong>captar\u00e1n im\u00e1genes y v\u00eddeos para salvaguardar la integridad de la ciudadan\u00eda<\/strong>, adem\u00e1s de que los&nbsp;<strong>\u00abbotones de alarma Oxxo\u00bb&nbsp;<\/strong>estar\u00e1n conectados a la Direcci\u00f3n de Emergencias y Respuesta Inmediata (<strong>Deri<\/strong>)&nbsp;de la Secretar\u00eda de Seguridad Ciudadana (<strong>SSC<\/strong>).<\/p>\n\n\n\n<p class=\"wp-block-paragraph\">Destac\u00f3 que estas herramientas brindar\u00e1n una<strong>\u00a0respuesta m\u00e1s eficaz a las emergencias reportadas de las y los poblanos<\/strong>\u00a0que se encuentren en inmediaciones de las sucursales.\u00a0<br>Asimismo, el edil asever\u00f3 que la coordinaci\u00f3n de los tres niveles de gobierno es fundamental para\u00a0<strong>combatir los hechos delictivos que ocurren en tiendas Oxxo\u00a0<\/strong>y en distintos puntos del municipio.\u00a0<br><br>Por su parte, el coronel de Infanter\u00eda,&nbsp;<strong>F\u00e9lix Pallares Miranda<\/strong>, titular de la SSC, enfatiz\u00f3 que este proyecto contribuir\u00e1 al fortalecimiento de las&nbsp;<strong>estrategias de seguridad y prevenci\u00f3n del delito<\/strong>.<\/p>\n\n\n\n<p class=\"wp-block-paragraph\">Destac\u00f3 que las torres atalaya ser\u00e1n instaladas en puntos estrat\u00e9gicos para\u00a0<strong>reforzar la seguridad en calles y avenidas de la capital poblana,<\/strong>\u00a0as\u00ed como para prevenir\u00a0<strong>faltas administrativas y hechos delictivos.\u00a0<\/strong><br>El funcionario municipal destac\u00f3 que la participaci\u00f3n entre la<strong>\u00a0poblaci\u00f3n, sector privada y el gobierno es fundamental para atender los reportes ciudadanos<\/strong>, principalmente en materia de seguridad.<\/p>\n","protected":false},"excerpt":{"rendered":"<p>El presidente municipal de Puebla,\u00a0Pepe Chedraui\u00a0firm\u00f3 el convenio de colaboraci\u00f3n para la instalaci\u00f3n de\u00a033 torres atalaya y botones de p\u00e1nico en tiendas de conveniencia Oxxo,\u00a0con el prop\u00f3sito de prevenir y combatir actos delictivos. La firma de convenio se realiz\u00f3 este mi\u00e9rcoles 26 de marzo en el Palacio Municipal, donde tambi\u00e9n particip\u00f3&nbsp;Gilberto Florentino Meza Guti\u00e9rrez, gerente [&hellip;]<\/p>\n","protected":false},"author":4,"featured_media":60287,"comment_status":"open","ping_status":"open","sticky":false,"template":"","format":"standard","meta":{"om_disable_all_campaigns":false,"_monsterinsights_skip_tracking":false,"_monsterinsights_sitenote_active":false,"_monsterinsights_sitenote_note":"","_monsterinsights_sitenote_category":0,"footnotes":""},"categories":[175],"tags":[223],"class_list":["post-60285","post","type-post","status-publish","format-standard","has-post-thumbnail","hentry","category-local","tag-puebla"],"amp_enabled":true,"_links":{"self":[{"href":"https:\/\/lahora.mx\/index.php\/wp-json\/wp\/v2\/posts\/60285","targetHints":{"allow":["GET"]}}],"collection":[{"href":"https:\/\/lahora.mx\/index.php\/wp-json\/wp\/v2\/posts"}],"about":[{"href":"https:\/\/lahora.mx\/index.php\/wp-json\/wp\/v2\/types\/post"}],"author":[{"embeddable":true,"href":"https:\/\/lahora.mx\/index.php\/wp-json\/wp\/v2\/users\/4"}],"replies":[{"embeddable":true,"href":"https:\/\/lahora.mx\/index.php\/wp-json\/wp\/v2\/comments?post=60285"}],"version-history":[{"count":1,"href":"https:\/\/lahora.mx\/index.php\/wp-json\/wp\/v2\/posts\/60285\/revisions"}],"predecessor-version":[{"id":60288,"href":"https:\/\/lahora.mx\/index.php\/wp-json\/wp\/v2\/posts\/60285\/revisions\/60288"}],"wp:featuredmedia":[{"embeddable":true,"href":"https:\/\/lahora.mx\/index.php\/wp-json\/wp\/v2\/media\/60287"}],"wp:attachment":[{"href":"https:\/\/lahora.mx\/index.php\/wp-json\/wp\/v2\/media?parent=60285"}],"wp:term":[{"taxonomy":"category","embeddable":true,"href":"https:\/\/lahora.mx\/index.php\/wp-json\/wp\/v2\/categories?post=60285"},{"taxonomy":"post_tag","embeddable":true,"href":"https:\/\/lahora.mx\/index.php\/wp-json\/wp\/v2\/tags?post=60285"}],"curies":[{"name":"wp","href":"https:\/\/api.w.org\/{rel}","templated":true}]}}