{"id":60269,"date":"2025-03-27T21:27:58","date_gmt":"2025-03-27T21:27:58","guid":{"rendered":"https:\/\/lahora.mx\/?p=60269"},"modified":"2025-04-03T03:11:51","modified_gmt":"2025-04-03T03:11:51","slug":"se-pospone-la-fenali-2025-en-la-buap-debido-al-paro-academico","status":"publish","type":"post","link":"https:\/\/lahora.mx\/index.php\/2025\/03\/27\/se-pospone-la-fenali-2025-en-la-buap-debido-al-paro-academico\/","title":{"rendered":"Se pospone la FENALI 2025 en la BUAP debido al paro acad\u00e9mico"},"content":{"rendered":"\n<p><br>La 38\u00aa edici\u00f3n de la\u00a0<strong>Feria Nacional del Libro (FENALI) d<\/strong>e la Benem\u00e9rita Universidad Aut\u00f3noma de Puebla (<strong>BUAP<\/strong>), que estaba programada del 4 al 13 de abril de 2025, ha sido pospuesta debido a un paro estudiantil en la instituci\u00f3n.<\/p>\n\n\n\n<p>La BUAP inform\u00f3 este 26 de marzo que el evento se suspende \u00ab<strong>hasta nuevo aviso<\/strong>\u00bb debido a la movilizaci\u00f3n que afecta diversas facultades.<\/p>\n\n\n\n<p><strong>El paro comenz\u00f3 a finales de febrero,\u00a0<\/strong>interrumpiendo actividades acad\u00e9micas y administrativas. Seg\u00fan publicaciones en redes sociales como X, el paro<strong>\u00a0no solo afecta las clases, sino tambi\u00e9n tr\u00e1mites de titulaci\u00f3n y otros eventos culturales importantes<\/strong>, como la FENALI. A pesar de los esfuerzos para mantener la feria, las autoridades de la universidad optaron por posponerla debido a las dificultades log\u00edsticas derivadas del paro.<br>Aunque no hay detalles oficiales sobre las<strong>\u00a0demandas exactas de los estudiantes<\/strong>, se sabe que hist\u00f3ricamente los paros en la BUAP surgen por inconformidades con pol\u00edticas universitarias, infraestructura o seguridad. A pesar de la falta de informaci\u00f3n oficial, las publicaciones en redes sociales indican que el paro est\u00e1 teniendo un impacto significativo en las operaciones diarias de la instituci\u00f3n.<br><br>El impacto de esta suspensi\u00f3n tambi\u00e9n es notable para la FENALI, uno de los eventos m\u00e1s importantes en el<strong>&nbsp;\u00e1mbito cultural de la BUAP<\/strong>&nbsp;y de&nbsp;<strong>Puebla<\/strong>. En su \u00faltima edici\u00f3n, celebrada en 2024, la feria atrajo a m\u00e1s de 68,000 visitantes y reuni\u00f3 a m\u00e1s de 360 actividades. Para 2025, se esperaba superar esa cifra con una mayor participaci\u00f3n de editoriales, autores y actividades en el&nbsp;<strong>Edificio Carolino,<\/strong>&nbsp;que sirve como sede habitual del evento.<\/p>\n\n\n\n<p>La log\u00edstica de la feria requiere una coordinaci\u00f3n detallada entre diversos actores, incluidos autores, editoriales, la<strong>&nbsp;Vicerrector\u00eda de Extensi\u00f3n y Difusi\u00f3n de la Cultura,<\/strong>&nbsp;y el personal universitario. La interrupci\u00f3n de las actividades acad\u00e9micas y la falta de personal disponible han sido factores determinantes en la decisi\u00f3n de posponer la feria.<\/p>\n\n\n\n<p>Hasta el momento,\u00a0no se han anunciado una nueva fecha para la FENALI, y la incertidumbre persiste debido a que el paro sigue afectando a algunas facultades de la BUAP. La universidad a\u00fan no ha confirmado si el paro se ha extendido a toda la instituci\u00f3n o si algunas \u00e1reas han retomado sus actividades normales.<\/p>\n\n\n\n<p>Los interesados en recibir actualizaciones sobre el evento pueden seguir las<strong>&nbsp;redes sociales oficiales de la BUAP y de la FENALI&nbsp;<\/strong>para estar al tanto de los desarrollos y nuevas fechas para la celebraci\u00f3n de la feria del libro.&nbsp;<\/p>\n\n\n\n<p><\/p>\n","protected":false},"excerpt":{"rendered":"<p>La 38\u00aa edici\u00f3n de la\u00a0Feria Nacional del Libro (FENALI) de la Benem\u00e9rita Universidad Aut\u00f3noma de Puebla (BUAP), que estaba programada del 4 al 13 de abril de 2025, ha sido pospuesta debido a un paro estudiantil en la instituci\u00f3n. La BUAP inform\u00f3 este 26 de marzo que el evento se suspende \u00abhasta nuevo aviso\u00bb debido [&hellip;]<\/p>\n","protected":false},"author":4,"featured_media":60270,"comment_status":"open","ping_status":"open","sticky":false,"template":"","format":"standard","meta":{"om_disable_all_campaigns":false,"_monsterinsights_skip_tracking":false,"_monsterinsights_sitenote_active":false,"_monsterinsights_sitenote_note":"","_monsterinsights_sitenote_category":0,"footnotes":""},"categories":[175],"tags":[186,195,223],"class_list":["post-60269","post","type-post","status-publish","format-standard","has-post-thumbnail","hentry","category-local","tag-buap","tag-principal","tag-puebla"],"amp_enabled":true,"_links":{"self":[{"href":"https:\/\/lahora.mx\/index.php\/wp-json\/wp\/v2\/posts\/60269","targetHints":{"allow":["GET"]}}],"collection":[{"href":"https:\/\/lahora.mx\/index.php\/wp-json\/wp\/v2\/posts"}],"about":[{"href":"https:\/\/lahora.mx\/index.php\/wp-json\/wp\/v2\/types\/post"}],"author":[{"embeddable":true,"href":"https:\/\/lahora.mx\/index.php\/wp-json\/wp\/v2\/users\/4"}],"replies":[{"embeddable":true,"href":"https:\/\/lahora.mx\/index.php\/wp-json\/wp\/v2\/comments?post=60269"}],"version-history":[{"count":1,"href":"https:\/\/lahora.mx\/index.php\/wp-json\/wp\/v2\/posts\/60269\/revisions"}],"predecessor-version":[{"id":60271,"href":"https:\/\/lahora.mx\/index.php\/wp-json\/wp\/v2\/posts\/60269\/revisions\/60271"}],"wp:featuredmedia":[{"embeddable":true,"href":"https:\/\/lahora.mx\/index.php\/wp-json\/wp\/v2\/media\/60270"}],"wp:attachment":[{"href":"https:\/\/lahora.mx\/index.php\/wp-json\/wp\/v2\/media?parent=60269"}],"wp:term":[{"taxonomy":"category","embeddable":true,"href":"https:\/\/lahora.mx\/index.php\/wp-json\/wp\/v2\/categories?post=60269"},{"taxonomy":"post_tag","embeddable":true,"href":"https:\/\/lahora.mx\/index.php\/wp-json\/wp\/v2\/tags?post=60269"}],"curies":[{"name":"wp","href":"https:\/\/api.w.org\/{rel}","templated":true}]}}