{"id":60232,"date":"2025-03-25T21:56:39","date_gmt":"2025-03-25T21:56:39","guid":{"rendered":"https:\/\/lahora.mx\/?p=60232"},"modified":"2025-03-25T21:56:40","modified_gmt":"2025-03-25T21:56:40","slug":"suspension-de-clases-el-28-de-marzo-a-nivel-nacional","status":"publish","type":"post","link":"https:\/\/lahora.mx\/index.php\/2025\/03\/25\/suspension-de-clases-el-28-de-marzo-a-nivel-nacional\/","title":{"rendered":"suspensi\u00f3n de clases el 28 de marzo a nivel nacional"},"content":{"rendered":"\n<p>La Secretar\u00eda de Educaci\u00f3n P\u00fablica (SEP) confirm\u00f3 la suspensi\u00f3n de clases para el <strong>viernes 28 de marzo de 2025\u00a0<\/strong>en todas las escuelas de\u00a0<strong>educaci\u00f3n b\u00e1sica y media superior<\/strong>\u00a0incorporadas al sistema educativo nacional.<\/p>\n\n\n\n<p>La medida responde a la celebraci\u00f3n del&nbsp;<strong>Consejo T\u00e9cnico Escolar (CTE),&nbsp;<\/strong>reuni\u00f3n mensual en la que el personal docente y directivo analiza estrategias pedag\u00f3gicas, pero que no requiere la presencia de alumnos.<\/p>\n\n\n\n<p><strong>Este d\u00eda inh\u00e1bil forma parte del calendario escolar oficial&nbsp;<\/strong>publicado por la SEP desde agosto pasado. Las suspensiones por&nbsp;<strong>CTE&nbsp;<\/strong>ocurren el \u00faltimo viernes de cada mes, aunque en esta ocasi\u00f3n coincide con el inicio del fin de semana, lo que extiende el descanso estudiantil hasta el domingo 30. Las actividades acad\u00e9micas&nbsp;<strong>se reanudar\u00e1n el lunes 31 de marzo.&nbsp;<\/strong><\/p>\n\n\n\n<p>El CTE representa\u00a0<strong>un espacio obligatorio para que maestros y directivos\u00a0<\/strong>eval\u00faen el progreso acad\u00e9mico, dise\u00f1en planes de mejora y compartan experiencias educativas. Seg\u00fan el manual operativo de la SEP, estas juntas buscan \u00abfortalecer la calidad educativa mediante trabajo colegiado\u00bb. Los planteles particulares con reconocimiento oficial tambi\u00e9n deben acatar la disposici\u00f3n.<br>La suspensi\u00f3n precede al periodo vacacional de Semana Santa,&nbsp;<strong>programado del 14 al 25 de abril.&nbsp;<\/strong>Con este receso, los estudiantes acumular\u00e1n tres semanas sin clases en un lapso de un mes, considerando el puente del 21 de marzo por el natalicio de&nbsp;<strong>Benito Ju\u00e1rez.&nbsp;<\/strong><\/p>\n\n\n\n<p>Padres de familia consultados por&nbsp;<strong>e-consulta<\/strong>&nbsp;manifestaron opiniones divididas. Mientras algunos valoran el tiempo adicional para convivencia familiar, otros se\u00f1alan complicaciones log\u00edsticas. \u00abEs dif\u00edcil reorganizar horarios laborales cuando hay tantos d\u00edas sin escuela\u00bb, coment\u00f3 Guadalupe Mart\u00ednez, madre de tres alumnos de nivel bachiller en Puebla.<\/p>\n\n\n\n<p>La SEP aclar\u00f3 que las suspensiones por\u00a0CT no afectan los 190 d\u00edas efectivos de clases establecidos por ley. Las escuelas compensan estos recesos con ajustes en sus calendarios internos. Para mayo est\u00e1n previstos nuevos d\u00edas inh\u00e1biles: el 1\u00b0 por el D\u00eda del Trabajo y el 5 por la<strong>\u00a0Conmemoraci\u00f3n de la Batalla de Puebla.\u00a0<\/strong><\/p>\n\n\n\n<p>Con esta acci\u00f3n, la dependencia federal cumple con lo establecido en el&nbsp;<strong>Art\u00edculo 51 de la Ley General de Educaci\u00f3n.<\/strong>&nbsp;El pr\u00f3ximo CTE se realizar\u00e1 el 25 de abril, ya durante el periodo vacacional de&nbsp;<strong>Semana Santa<\/strong>.&nbsp;<\/p>\n","protected":false},"excerpt":{"rendered":"<p>La Secretar\u00eda de Educaci\u00f3n P\u00fablica (SEP) confirm\u00f3 la suspensi\u00f3n de clases para el viernes 28 de marzo de 2025\u00a0en todas las escuelas de\u00a0educaci\u00f3n b\u00e1sica y media superior\u00a0incorporadas al sistema educativo nacional. La medida responde a la celebraci\u00f3n del&nbsp;Consejo T\u00e9cnico Escolar (CTE),&nbsp;reuni\u00f3n mensual en la que el personal docente y directivo analiza estrategias pedag\u00f3gicas, pero que [&hellip;]<\/p>\n","protected":false},"author":4,"featured_media":60233,"comment_status":"open","ping_status":"open","sticky":false,"template":"","format":"standard","meta":{"om_disable_all_campaigns":false,"_monsterinsights_skip_tracking":false,"_monsterinsights_sitenote_active":false,"_monsterinsights_sitenote_note":"","_monsterinsights_sitenote_category":0,"footnotes":""},"categories":[176],"tags":[],"class_list":["post-60232","post","type-post","status-publish","format-standard","has-post-thumbnail","hentry","category-nacional"],"amp_enabled":true,"_links":{"self":[{"href":"https:\/\/lahora.mx\/index.php\/wp-json\/wp\/v2\/posts\/60232","targetHints":{"allow":["GET"]}}],"collection":[{"href":"https:\/\/lahora.mx\/index.php\/wp-json\/wp\/v2\/posts"}],"about":[{"href":"https:\/\/lahora.mx\/index.php\/wp-json\/wp\/v2\/types\/post"}],"author":[{"embeddable":true,"href":"https:\/\/lahora.mx\/index.php\/wp-json\/wp\/v2\/users\/4"}],"replies":[{"embeddable":true,"href":"https:\/\/lahora.mx\/index.php\/wp-json\/wp\/v2\/comments?post=60232"}],"version-history":[{"count":1,"href":"https:\/\/lahora.mx\/index.php\/wp-json\/wp\/v2\/posts\/60232\/revisions"}],"predecessor-version":[{"id":60234,"href":"https:\/\/lahora.mx\/index.php\/wp-json\/wp\/v2\/posts\/60232\/revisions\/60234"}],"wp:featuredmedia":[{"embeddable":true,"href":"https:\/\/lahora.mx\/index.php\/wp-json\/wp\/v2\/media\/60233"}],"wp:attachment":[{"href":"https:\/\/lahora.mx\/index.php\/wp-json\/wp\/v2\/media?parent=60232"}],"wp:term":[{"taxonomy":"category","embeddable":true,"href":"https:\/\/lahora.mx\/index.php\/wp-json\/wp\/v2\/categories?post=60232"},{"taxonomy":"post_tag","embeddable":true,"href":"https:\/\/lahora.mx\/index.php\/wp-json\/wp\/v2\/tags?post=60232"}],"curies":[{"name":"wp","href":"https:\/\/api.w.org\/{rel}","templated":true}]}}