{"id":60187,"date":"2025-03-24T23:29:17","date_gmt":"2025-03-24T23:29:17","guid":{"rendered":"https:\/\/lahora.mx\/?p=60187"},"modified":"2025-03-24T23:29:18","modified_gmt":"2025-03-24T23:29:18","slug":"aumento-la-compra-de-vehiculos-nuevos-en-puebla-durante-febrero","status":"publish","type":"post","link":"https:\/\/lahora.mx\/index.php\/2025\/03\/24\/aumento-la-compra-de-vehiculos-nuevos-en-puebla-durante-febrero\/","title":{"rendered":"Aument\u00f3 la compra de veh\u00edculos nuevos en Puebla durante febrero"},"content":{"rendered":"\n<p>En febrero de 2025,\u00a0<strong>aument\u00f3 la compra de\u00a0veh\u00edculos nuevos en el estado de Puebla en un 7.1 por ciento con respecto al mismo mes de 2024<\/strong>, de acuerdo con cifras de la Asociaci\u00f3n Mexicana de Distribuidores de Automotores (AMDA).\u00a0<\/p>\n\n\n\n<p>De acuerdo con Erika Orozco Osorio,&nbsp;<strong>presidenta ejecutiva del organismo, en el segundo mes de este a\u00f1o se report\u00f3 la adquisici\u00f3n de 5 mil 364 autos<\/strong>, cantidad superior en 354 unidades respecto a las 5 mil 010 que se movilizaron el a\u00f1o pasado.<\/p>\n\n\n\n<p>Con esta tendencia, l<strong>a entidad poblana aport\u00f3 el 4.4 por ciento del volumen de veh\u00edculos cero kil\u00f3metros vendidos a nivel nacional<\/strong>, donde fueron un total de 117 mil 052.<\/p>\n\n\n\n<p>Estos resultados hicieron que Puebla se ubicara en el quinto lugar en el ranking nacional del sector automotor,<strong>\u00a0solo por debajo del Estado de M\u00e9xico, Ciudad de M\u00e9xico, Jalisco y Nuevo Le\u00f3n<\/strong>.\u00a0<br>Seg\u00fan la AMDA,&nbsp;<strong>en su mayor parte, los autom\u00f3viles adquiridos correspondieron a los segmentos de usos m\u00faltiples, compactos<\/strong>, camiones ligeros, as\u00ed como subcompactos.<\/p>\n\n\n\n<p><strong>Respecto a la tendencia en el estado de Tlaxcala<\/strong>, que tambi\u00e9n es representado por el organismo,&nbsp;<strong>se dio a conocer que su compra de unidades increment\u00f3 en un 4.9 por ciento<\/strong>.<\/p>\n\n\n\n<p>En febrero de 2025 se movilizaron un total de 834 autos de agencia,&nbsp;<strong>lo que signific\u00f3 39 unidades m\u00e1s respecto a las 795 que se adquirieron en el mismo mes del a\u00f1o pasado<\/strong>.<\/p>\n\n\n\n<p>Pese a esta tendencia,&nbsp;<strong>el vecino estado se coloc\u00f3 hasta la posici\u00f3n 32 en el ranking nacional de este sector<\/strong>, pues solo aport\u00f3 el 0.7 por ciento de las compras registradas en todo el pa\u00eds.<\/p>\n","protected":false},"excerpt":{"rendered":"<p>En febrero de 2025,\u00a0aument\u00f3 la compra de\u00a0veh\u00edculos nuevos en el estado de Puebla en un 7.1 por ciento con respecto al mismo mes de 2024, de acuerdo con cifras de la Asociaci\u00f3n Mexicana de Distribuidores de Automotores (AMDA).\u00a0 De acuerdo con Erika Orozco Osorio,&nbsp;presidenta ejecutiva del organismo, en el segundo mes de este a\u00f1o se [&hellip;]<\/p>\n","protected":false},"author":4,"featured_media":60188,"comment_status":"open","ping_status":"open","sticky":false,"template":"","format":"standard","meta":{"om_disable_all_campaigns":false,"_monsterinsights_skip_tracking":false,"_monsterinsights_sitenote_active":false,"_monsterinsights_sitenote_note":"","_monsterinsights_sitenote_category":0,"footnotes":""},"categories":[175],"tags":[223],"class_list":["post-60187","post","type-post","status-publish","format-standard","has-post-thumbnail","hentry","category-local","tag-puebla"],"amp_enabled":true,"_links":{"self":[{"href":"https:\/\/lahora.mx\/index.php\/wp-json\/wp\/v2\/posts\/60187","targetHints":{"allow":["GET"]}}],"collection":[{"href":"https:\/\/lahora.mx\/index.php\/wp-json\/wp\/v2\/posts"}],"about":[{"href":"https:\/\/lahora.mx\/index.php\/wp-json\/wp\/v2\/types\/post"}],"author":[{"embeddable":true,"href":"https:\/\/lahora.mx\/index.php\/wp-json\/wp\/v2\/users\/4"}],"replies":[{"embeddable":true,"href":"https:\/\/lahora.mx\/index.php\/wp-json\/wp\/v2\/comments?post=60187"}],"version-history":[{"count":1,"href":"https:\/\/lahora.mx\/index.php\/wp-json\/wp\/v2\/posts\/60187\/revisions"}],"predecessor-version":[{"id":60189,"href":"https:\/\/lahora.mx\/index.php\/wp-json\/wp\/v2\/posts\/60187\/revisions\/60189"}],"wp:featuredmedia":[{"embeddable":true,"href":"https:\/\/lahora.mx\/index.php\/wp-json\/wp\/v2\/media\/60188"}],"wp:attachment":[{"href":"https:\/\/lahora.mx\/index.php\/wp-json\/wp\/v2\/media?parent=60187"}],"wp:term":[{"taxonomy":"category","embeddable":true,"href":"https:\/\/lahora.mx\/index.php\/wp-json\/wp\/v2\/categories?post=60187"},{"taxonomy":"post_tag","embeddable":true,"href":"https:\/\/lahora.mx\/index.php\/wp-json\/wp\/v2\/tags?post=60187"}],"curies":[{"name":"wp","href":"https:\/\/api.w.org\/{rel}","templated":true}]}}