{"id":60184,"date":"2025-03-24T23:15:23","date_gmt":"2025-03-24T23:15:23","guid":{"rendered":"https:\/\/lahora.mx\/?p=60184"},"modified":"2025-03-24T23:15:23","modified_gmt":"2025-03-24T23:15:23","slug":"cessa-de-cholula-se-convertira-en-hospital-general","status":"publish","type":"post","link":"https:\/\/lahora.mx\/index.php\/2025\/03\/24\/cessa-de-cholula-se-convertira-en-hospital-general\/","title":{"rendered":"CESSA de Cholula se convertir\u00e1 en Hospital General"},"content":{"rendered":"\n<p>El Centro de Salud con Servicios Ampliados (<strong>CESSA<\/strong>) de\u00a0<strong>San<\/strong>\u00a0<strong>Pedro<\/strong>\u00a0<strong>Cholula<\/strong> podr\u00eda convertirse en un\u00a0<strong>Hospital<\/strong>\u00a0<strong>General<\/strong>, proyecto que implica inversi\u00f3n federal y estatal.\u00a0<\/p>\n\n\n\n<p>En conferencia de prensa realizada en las instalaciones del&nbsp;<strong>C5<\/strong>&nbsp;de&nbsp;<strong>Cuautlancingo<\/strong>, coment\u00f3 que para llevar a cabo esta obra, ya tuvo una primera reuni\u00f3n de trabajo con la presidenta municipal de&nbsp;<strong>San<\/strong>&nbsp;<strong>Pedro<\/strong><strong>Cholula<\/strong>,&nbsp;<strong>Tonantzin<\/strong>&nbsp;<strong>Fern\u00e1ndez<\/strong>, quien facilitar\u00e1 los permisos de adecuaci\u00f3n de la infraestructura hospitalaria, mientras que m\u00e1s adelante el&nbsp;<strong>IMSS<\/strong>&#8211;<strong>Bienestar<\/strong>&nbsp;se encargar\u00e1 de la contrataci\u00f3n y basificaci\u00f3n del personal.<\/p>\n\n\n\n<p>Adem\u00e1s, el mandatario estatal dijo que solicit\u00f3 al titular de la Secretar\u00eda de Salud estatal,\u00a0<strong>Carlos<\/strong>\u00a0<strong>Alberto<\/strong>\u00a0<strong>Olivier<\/strong>, y al secretario de Infraestructura,\u00a0<strong>Jos\u00e9Manuel<\/strong>\u00a0<strong>Contreras<\/strong>, empezar a planificar el proyecto ejecutivo.<br>Para ello, tendr\u00e1n que trabajar en coordinaci\u00f3n con el&nbsp;<strong>Instituto<\/strong>&nbsp;<strong>Mexicano<\/strong>&nbsp;<strong>de<\/strong><strong>Seguro<\/strong>&nbsp;<strong>Social<\/strong>, al igual que con&nbsp;<strong>IMSS<\/strong>&#8211;<strong>Bienestar<\/strong>, para definir c\u00f3mo se realizar\u00e1 la conversi\u00f3n del inmueble y el gasto a destinar.&nbsp;<\/p>\n\n\n\n<p>\u00abAcord\u00e9 con la presidenta (Tonantzin Fern\u00e1ndez), y ya saben el secretario de Salud y el secretario de Infraestructura, y van a dialogar con IMSS, e IMSS-Bienestar para que nos digan qu\u00e9 adaptaci\u00f3n se tiene que hacer para convertirlo en Hospital General\u201d, coment\u00f3.<\/p>\n\n\n\n<p>Esto tras asegurar que no ser\u00e1 una obra fara\u00f3nica financiada a trav\u00e9s de un \u201c<em>contrato<\/em>&nbsp;<em>leonino<\/em>\u201d como ocurri\u00f3 en pasadas administraciones del&nbsp;<strong>PAN<\/strong>.<\/p>\n\n\n\n<p>\u201cVa a invertir la presidenta (Tonantzin Fern\u00e1ndez), va a invertir el gobierno del estado y la Federaci\u00f3n nos va a ayudar con el personal, y le vamos a dar el uso que le corresponde a la instalaci\u00f3n, y as\u00ed le vamos a hacer. El prop\u00f3sito es darle utilidad, habr\u00e1 obras nuevas, s\u00ed, pero es un desprop\u00f3sito, es una falta de visi\u00f3n el querer s\u00f3lo hacer obras nuevas, sin darle mantenimiento, a lo que hay\u00bb, destac\u00f3.<\/p>\n\n\n\n<p>El&nbsp;<strong>CESSA<\/strong>&nbsp;de&nbsp;<strong>San<\/strong>&nbsp;<strong>Pedro<\/strong>&nbsp;<strong>Cholula<\/strong>&nbsp;fue construido durante el sexenio del panista&nbsp;<strong>Rafael<\/strong>&nbsp;<strong>Moreno<\/strong>&nbsp;<strong>Valle<\/strong>&nbsp;y fue uno de los centros que el gobierno utiliz\u00f3 para la atenci\u00f3n de pacientes con&nbsp;<strong>Covid<\/strong>&#8211;<strong>19<\/strong>, pero que recientemente se ha visto rebasado por la demande de servicios.<\/p>\n\n\n\n<p>Este lunes el morenista&nbsp;<strong>Alejandro<\/strong>&nbsp;<strong>Armenta<\/strong>&nbsp;asegur\u00f3 que en su administraci\u00f3n se recuperar\u00e1 este tipo de infraestructura debido a su importancia para la atenci\u00f3n de la poblaci\u00f3n, as\u00ed como otros espacios que requieren adecuaciones, como son los hospitales, los arcos de seguridad, el vel\u00f3dromo&nbsp;<strong>Salom\u00f3n<\/strong>&nbsp;<strong>Jauli<\/strong>&nbsp;y el&nbsp;<strong>C5<\/strong>&nbsp;de&nbsp;<strong>Cuautlancingo<\/strong>.<\/p>\n\n\n\n<h2 class=\"wp-block-heading\">Habr\u00e1 dormitorios y comedor en el C5<br>Sobre los cambios al&nbsp;<strong>Complejo<\/strong>&nbsp;<strong>de<\/strong>&nbsp;<strong>Seguridad<\/strong>&nbsp;<strong>C5<\/strong>, dio a conocer que ser\u00e1 intervenido para habilitar un comedor y dormitorios para los trabajadores.<\/h2>\n\n\n\n<p>Para ello, coment\u00f3 que se realizar\u00e1 un estudio t\u00e9cnico que servir\u00e1 para identificar las necesidades que se tienen en este espacio, en donde se hace el monitoreo de la seguridad las 24 horas del d\u00eda.<\/p>\n\n\n\n<p>\u201cA los genios del neoliberalismo se les olvid\u00f3 que en el C5 viven las personas. Son los genios harvarianos (Harvard) del neoliberalismo, pero no pusieron comedor ni dormitorio\u201d, expres\u00f3.<\/p>\n\n\n\n<p>El\u00a0<strong>Complejo<\/strong>\u00a0<strong>Metropolitano<\/strong>\u00a0fue inaugurado en 2016 por el fallecido gobernador\u00a0<strong>Rafael<\/strong>\u00a0<strong>Moreno<\/strong>\u00a0<strong>Valle<\/strong>\u00a0y el entonces secretario de Gobernaci\u00f3n,\u00a0<strong>Miguel<\/strong>\u00a0<strong>\u00c1ngel<\/strong>\u00a0<strong>Osorio<\/strong>\u00a0<strong>Chong<\/strong>.<br><br>Reci\u00e9n el secretario de Seguridad P\u00fablica del estado,\u00a0<strong>Francisco<\/strong>\u00a0<strong>S\u00e1nchezGonz\u00e1lez<\/strong>\u00a0anunci\u00f3 que se busca convertirlo en C7, para elevar su operatividad.<br><br><br><\/p>\n","protected":false},"excerpt":{"rendered":"<p>El Centro de Salud con Servicios Ampliados (CESSA) de\u00a0San\u00a0Pedro\u00a0Cholula podr\u00eda convertirse en un\u00a0Hospital\u00a0General, proyecto que implica inversi\u00f3n federal y estatal.\u00a0 En conferencia de prensa realizada en las instalaciones del&nbsp;C5&nbsp;de&nbsp;Cuautlancingo, coment\u00f3 que para llevar a cabo esta obra, ya tuvo una primera reuni\u00f3n de trabajo con la presidenta municipal de&nbsp;San&nbsp;PedroCholula,&nbsp;Tonantzin&nbsp;Fern\u00e1ndez, quien facilitar\u00e1 los permisos de adecuaci\u00f3n [&hellip;]<\/p>\n","protected":false},"author":4,"featured_media":60185,"comment_status":"open","ping_status":"open","sticky":false,"template":"","format":"standard","meta":{"om_disable_all_campaigns":false,"_monsterinsights_skip_tracking":false,"_monsterinsights_sitenote_active":false,"_monsterinsights_sitenote_note":"","_monsterinsights_sitenote_category":0,"footnotes":""},"categories":[175],"tags":[234,223],"class_list":["post-60184","post","type-post","status-publish","format-standard","has-post-thumbnail","hentry","category-local","tag-cholula","tag-puebla"],"amp_enabled":true,"_links":{"self":[{"href":"https:\/\/lahora.mx\/index.php\/wp-json\/wp\/v2\/posts\/60184","targetHints":{"allow":["GET"]}}],"collection":[{"href":"https:\/\/lahora.mx\/index.php\/wp-json\/wp\/v2\/posts"}],"about":[{"href":"https:\/\/lahora.mx\/index.php\/wp-json\/wp\/v2\/types\/post"}],"author":[{"embeddable":true,"href":"https:\/\/lahora.mx\/index.php\/wp-json\/wp\/v2\/users\/4"}],"replies":[{"embeddable":true,"href":"https:\/\/lahora.mx\/index.php\/wp-json\/wp\/v2\/comments?post=60184"}],"version-history":[{"count":1,"href":"https:\/\/lahora.mx\/index.php\/wp-json\/wp\/v2\/posts\/60184\/revisions"}],"predecessor-version":[{"id":60186,"href":"https:\/\/lahora.mx\/index.php\/wp-json\/wp\/v2\/posts\/60184\/revisions\/60186"}],"wp:featuredmedia":[{"embeddable":true,"href":"https:\/\/lahora.mx\/index.php\/wp-json\/wp\/v2\/media\/60185"}],"wp:attachment":[{"href":"https:\/\/lahora.mx\/index.php\/wp-json\/wp\/v2\/media?parent=60184"}],"wp:term":[{"taxonomy":"category","embeddable":true,"href":"https:\/\/lahora.mx\/index.php\/wp-json\/wp\/v2\/categories?post=60184"},{"taxonomy":"post_tag","embeddable":true,"href":"https:\/\/lahora.mx\/index.php\/wp-json\/wp\/v2\/tags?post=60184"}],"curies":[{"name":"wp","href":"https:\/\/api.w.org\/{rel}","templated":true}]}}