{"id":60175,"date":"2025-03-24T23:07:23","date_gmt":"2025-03-24T23:07:23","guid":{"rendered":"https:\/\/lahora.mx\/?p=60175"},"modified":"2025-03-24T23:07:24","modified_gmt":"2025-03-24T23:07:24","slug":"pide-smt-a-ayuntamientos-ayuda-para-contener-a-mototaxis-ningun-personal-alcanzaria","status":"publish","type":"post","link":"https:\/\/lahora.mx\/index.php\/2025\/03\/24\/pide-smt-a-ayuntamientos-ayuda-para-contener-a-mototaxis-ningun-personal-alcanzaria\/","title":{"rendered":"Pide SMT a ayuntamientos ayuda para contener a mototaxis, \u2018ning\u00fan personal alcanzar\u00eda\u2019"},"content":{"rendered":"\n<h1 class=\"wp-block-heading\"><br><strong>La Secretar\u00eda de Movilidad y Transporte pidi\u00f3 ayuda a los ayuntamientos municipales para contener la actividad de los\u00a0mototaxis mientras se pone en marcha un proyecto para atender el problema que representan<\/strong>, mismo que comenzar\u00e1 en el segundo semestre del a\u00f1o, inform\u00f3 la titular de la dependencia, Silvia Tan\u00fas Osorio.<\/h1>\n\n\n\n<p>La responsable de regular el transporte p\u00fablico en la entidad dio a conocer que ha solicitado a los gobiernos municipales elaborar un padr\u00f3n de aquellos que ya circulan en sus demarcaciones,&nbsp;<strong>para evitar que se sumen nuevas unidades y siga incrementando el problema.<\/strong><\/p>\n\n\n\n<p>Por otra parte,<strong>&nbsp;se\u00f1al\u00f3 que les ha pedido que a trav\u00e9s de las direcciones de polic\u00eda o tr\u00e1nsito municipal se evite que estas unidades circulen en vialidades principales o carreteras en donde se permiten mayores l\u00edmites de velocidad<\/strong>, ya que esto representa un riesgo para las personas que los usan como medio de transporte.<\/p>\n\n\n\n<p><strong><em>\u201cEstamos pidiendo el apoyo de los presidentes municipales para que no haya m\u00e1s, en primer lugar, y son veh\u00edculos de \u00faltima milla que pueden entrar en la colonia, los que ya est\u00e1n en la colonia o en la junta auxiliar pero de ning\u00fan modo pueden estar en avenidas primarias o atravesar carreteras, porque lo hemos visto y volvemos a hacer un llamado a los presidentes municipales a que nos auxilien con sus cuerpos de seguridad porque no tenemos el personal suficiente y ning\u00fan personal alcanzar\u00eda para tocar a los 217 municipios\u201d<\/em><\/strong>, dijo.<\/p>\n","protected":false},"excerpt":{"rendered":"<p>La Secretar\u00eda de Movilidad y Transporte pidi\u00f3 ayuda a los ayuntamientos municipales para contener la actividad de los\u00a0mototaxis mientras se pone en marcha un proyecto para atender el problema que representan, mismo que comenzar\u00e1 en el segundo semestre del a\u00f1o, inform\u00f3 la titular de la dependencia, Silvia Tan\u00fas Osorio. La responsable de regular el transporte [&hellip;]<\/p>\n","protected":false},"author":4,"featured_media":60176,"comment_status":"open","ping_status":"open","sticky":false,"template":"","format":"standard","meta":{"om_disable_all_campaigns":false,"_monsterinsights_skip_tracking":false,"_monsterinsights_sitenote_active":false,"_monsterinsights_sitenote_note":"","_monsterinsights_sitenote_category":0,"footnotes":""},"categories":[175],"tags":[223],"class_list":["post-60175","post","type-post","status-publish","format-standard","has-post-thumbnail","hentry","category-local","tag-puebla"],"amp_enabled":true,"_links":{"self":[{"href":"https:\/\/lahora.mx\/index.php\/wp-json\/wp\/v2\/posts\/60175","targetHints":{"allow":["GET"]}}],"collection":[{"href":"https:\/\/lahora.mx\/index.php\/wp-json\/wp\/v2\/posts"}],"about":[{"href":"https:\/\/lahora.mx\/index.php\/wp-json\/wp\/v2\/types\/post"}],"author":[{"embeddable":true,"href":"https:\/\/lahora.mx\/index.php\/wp-json\/wp\/v2\/users\/4"}],"replies":[{"embeddable":true,"href":"https:\/\/lahora.mx\/index.php\/wp-json\/wp\/v2\/comments?post=60175"}],"version-history":[{"count":1,"href":"https:\/\/lahora.mx\/index.php\/wp-json\/wp\/v2\/posts\/60175\/revisions"}],"predecessor-version":[{"id":60177,"href":"https:\/\/lahora.mx\/index.php\/wp-json\/wp\/v2\/posts\/60175\/revisions\/60177"}],"wp:featuredmedia":[{"embeddable":true,"href":"https:\/\/lahora.mx\/index.php\/wp-json\/wp\/v2\/media\/60176"}],"wp:attachment":[{"href":"https:\/\/lahora.mx\/index.php\/wp-json\/wp\/v2\/media?parent=60175"}],"wp:term":[{"taxonomy":"category","embeddable":true,"href":"https:\/\/lahora.mx\/index.php\/wp-json\/wp\/v2\/categories?post=60175"},{"taxonomy":"post_tag","embeddable":true,"href":"https:\/\/lahora.mx\/index.php\/wp-json\/wp\/v2\/tags?post=60175"}],"curies":[{"name":"wp","href":"https:\/\/api.w.org\/{rel}","templated":true}]}}