{"id":60165,"date":"2025-03-24T22:44:17","date_gmt":"2025-03-24T22:44:17","guid":{"rendered":"https:\/\/lahora.mx\/?p=60165"},"modified":"2025-03-24T22:44:17","modified_gmt":"2025-03-24T22:44:17","slug":"fge-confirma-que-iba-por-juan-lira-el-moco-tras-cateo-en-chignahuapan","status":"publish","type":"post","link":"https:\/\/lahora.mx\/index.php\/2025\/03\/24\/fge-confirma-que-iba-por-juan-lira-el-moco-tras-cateo-en-chignahuapan\/","title":{"rendered":"FGE confirma que iba por Juan Lira, El Moco, tras cateo en Chignahuapan"},"content":{"rendered":"\n<p><br>La fiscal general del estado,\u00a0<strong>Idamis Pastor Betancourt<\/strong>, confirm\u00f3 que los\u00a0<strong>cateos<\/strong>realizados en\u00a0<strong>Chignahuapan<\/strong> ten\u00edan el objetivo de detener a\u00a0Juan Lira Maldonado El Moco, quien fue acusado por el gobernador\u00a0<strong>Alejandro Armenta<\/strong>\u00a0de querer\u00a0<strong><em>reventar<\/em>la elecci\u00f3n extraordinaria<\/strong>.<\/p>\n\n\n\n<p>As\u00ed lo declar\u00f3 la titular de la\u00a0<strong>FGE<\/strong>\u00a0durante la conferencia de prensa del mandatario estatal, en la cual revel\u00f3 que\u00a0Juan Lira, \u00abEl Moco\u00bb, es\u00a0<strong>investigado<\/strong>\u00a0por presuntas\u00a0<strong>operaciones<\/strong>\u00a0con recursos de\u00a0<strong>procedencia il\u00edcita<\/strong>.<\/p>\n\n\n\n<p>Explic\u00f3 que por lo anterior cuenta con una\u00a0orden de aprehensi\u00f3n y es identificado como uno de los principales\u00a0<strong>generadores de violencia<\/strong>\u00a0en la regi\u00f3n de la\u00a0<strong>Sierra Norte<\/strong>.<br>Con respecto a los&nbsp;<strong>cateos<\/strong>, detall\u00f3 que fueron localizados diversos art\u00edculos de&nbsp;<strong>propaganda electoral<\/strong>&nbsp;con la imagen de la excandidata por&nbsp;<strong>Movimiento Ciudadano<\/strong>&nbsp;(MC) a la presidencia municipal, Yasm\u00edn Medina Carrasco, as\u00ed como&nbsp;<strong>armas de fuego<\/strong>&nbsp;y \u00abmil 80 cupones para&nbsp;<strong>compra del voto<\/strong>&nbsp;y listas nominales\u00bb.<\/p>\n\n\n\n<p><strong>Idamis Pastor<\/strong>&nbsp;precis\u00f3 que no se logr\u00f3 la&nbsp;<strong>captura ni de Juan Lira<\/strong>ni de otro individuo se\u00f1alado por los mismos&nbsp;<strong>delitos<\/strong>, por lo cual permanecen&nbsp;<strong>pr\u00f3fugos<\/strong>&nbsp;y la&nbsp;<strong>FGE<\/strong>&nbsp;sigue con la b\u00fasqueda.<\/p>\n\n\n\n<p>A su vez, el gobernador&nbsp;<strong>Alejandro Armenta<\/strong>&nbsp;asegur\u00f3 que&nbsp;<strong>Juan Lira<\/strong>&nbsp;ten\u00eda&nbsp;<strong>\u00abtodo listo\u00bb<\/strong>&nbsp;para&nbsp;<strong>reventar la elecci\u00f3n<\/strong>, se\u00f1alando que de acuerdo con \u00ablos trabajos de inteligencia que se hicieron, se estaban preparando&nbsp;<strong>operativos<\/strong>\u00bb para&nbsp;<strong>violentar el proceso extraordinario<\/strong>&nbsp;de elecci\u00f3n de presidente municipal.<\/p>\n\n\n\n<p>Sin embargo, tal como detall\u00f3 el secretario de\u00a0Gobernaci\u00f3n,\u00a0<strong>Samuel Aguilar Pala<\/strong>, el proceso se realiz\u00f3 en total calma y sin incidentes.\u00a0<\/p>\n","protected":false},"excerpt":{"rendered":"<p>La fiscal general del estado,\u00a0Idamis Pastor Betancourt, confirm\u00f3 que los\u00a0cateosrealizados en\u00a0Chignahuapan ten\u00edan el objetivo de detener a\u00a0Juan Lira Maldonado El Moco, quien fue acusado por el gobernador\u00a0Alejandro Armenta\u00a0de querer\u00a0reventarla elecci\u00f3n extraordinaria. As\u00ed lo declar\u00f3 la titular de la\u00a0FGE\u00a0durante la conferencia de prensa del mandatario estatal, en la cual revel\u00f3 que\u00a0Juan Lira, \u00abEl Moco\u00bb, es\u00a0investigado\u00a0por presuntas\u00a0operaciones\u00a0con [&hellip;]<\/p>\n","protected":false},"author":4,"featured_media":60166,"comment_status":"open","ping_status":"open","sticky":false,"template":"","format":"standard","meta":{"om_disable_all_campaigns":false,"_monsterinsights_skip_tracking":false,"_monsterinsights_sitenote_active":false,"_monsterinsights_sitenote_note":"","_monsterinsights_sitenote_category":0,"footnotes":""},"categories":[176,226],"tags":[195,223],"class_list":["post-60165","post","type-post","status-publish","format-standard","has-post-thumbnail","hentry","category-nacional","category-policia","tag-principal","tag-puebla"],"amp_enabled":true,"_links":{"self":[{"href":"https:\/\/lahora.mx\/index.php\/wp-json\/wp\/v2\/posts\/60165","targetHints":{"allow":["GET"]}}],"collection":[{"href":"https:\/\/lahora.mx\/index.php\/wp-json\/wp\/v2\/posts"}],"about":[{"href":"https:\/\/lahora.mx\/index.php\/wp-json\/wp\/v2\/types\/post"}],"author":[{"embeddable":true,"href":"https:\/\/lahora.mx\/index.php\/wp-json\/wp\/v2\/users\/4"}],"replies":[{"embeddable":true,"href":"https:\/\/lahora.mx\/index.php\/wp-json\/wp\/v2\/comments?post=60165"}],"version-history":[{"count":1,"href":"https:\/\/lahora.mx\/index.php\/wp-json\/wp\/v2\/posts\/60165\/revisions"}],"predecessor-version":[{"id":60167,"href":"https:\/\/lahora.mx\/index.php\/wp-json\/wp\/v2\/posts\/60165\/revisions\/60167"}],"wp:featuredmedia":[{"embeddable":true,"href":"https:\/\/lahora.mx\/index.php\/wp-json\/wp\/v2\/media\/60166"}],"wp:attachment":[{"href":"https:\/\/lahora.mx\/index.php\/wp-json\/wp\/v2\/media?parent=60165"}],"wp:term":[{"taxonomy":"category","embeddable":true,"href":"https:\/\/lahora.mx\/index.php\/wp-json\/wp\/v2\/categories?post=60165"},{"taxonomy":"post_tag","embeddable":true,"href":"https:\/\/lahora.mx\/index.php\/wp-json\/wp\/v2\/tags?post=60165"}],"curies":[{"name":"wp","href":"https:\/\/api.w.org\/{rel}","templated":true}]}}