{"id":60162,"date":"2025-03-24T17:32:19","date_gmt":"2025-03-24T17:32:19","guid":{"rendered":"https:\/\/lahora.mx\/?p=60162"},"modified":"2025-03-24T17:32:20","modified_gmt":"2025-03-24T17:32:20","slug":"el-lastra-tenia-a-su-cargo-centro-de-adiestramiento-en-rancho-izaguirre-asi-operaba","status":"publish","type":"post","link":"https:\/\/lahora.mx\/index.php\/2025\/03\/24\/el-lastra-tenia-a-su-cargo-centro-de-adiestramiento-en-rancho-izaguirre-asi-operaba\/","title":{"rendered":"&#8216;El Lastra&#8217; ten\u00eda a su cargo centro de adiestramiento en rancho Izaguirre; as\u00ed operaba"},"content":{"rendered":"\n<p>El\u00a0<strong>rancho Izaguirre<\/strong>, en Teuchitl\u00e1n, Jalisco, era un\u00a0<strong>centro de adiestramiento\u00a0<\/strong>que estaba a cargo de Jos\u00e9 Gregorio &#8216;N&#8217;,\u00a0El Lastra o Comandante Lastra, quien fue detenido el fin de semana en la Ciudad de M\u00e9xico por elementos del Ej\u00e9rcito y Guardia Nacional tras labores de investigaci\u00f3n del Centro Nacional de Inteligencia que le sigui\u00f3 la pista por meses.<\/p>\n\n\n\n<p>El secretario de Seguridad, Omar Garc\u00eda Harfuch, detall\u00f3 que\u00a0<em>El Lastra<\/em>\u00a0era l\u00edder de una c\u00e9lula delictiva dedicada al\u00a0<strong>reclutamiento forzado\u00a0<\/strong>de personas para el<strong>\u00a0C\u00e1rtel Jalisco Nueva Generaci\u00f3n<\/strong>, las cuales, dependiendo las aptitudes que mostraban, eran asignadas en diversos roles dentro de la organizaci\u00f3n criminal liderada por\u00a0<strong>Nemesio Oseguera Cervantes,\u00a0<em>El Mencho<\/em><\/strong>.<br>El tambi\u00e9n conocido como&nbsp;<em>El Comandante Lastra<\/em>&nbsp;era el encargado de aumentar las filas del C\u00e1rtel Jalisco Nueva Generaci\u00f3n (CJNG) a trav\u00e9s del reclutamiento forzado de personas, principalmente j\u00f3venes, quienes eran enga\u00f1ados.<\/p>\n\n\n\n<p>De acuerdo con el secretario de Seguridad, Omar Garc\u00eda Harfuch, el&nbsp;<em>modus operandi<\/em>&nbsp;de&nbsp;<em>El Lastra<\/em>&nbsp;consist\u00eda en el uso de redes sociales a trav\u00e9s de las cuales ofrec\u00eda&nbsp;<strong>oportunidades de trabajo falsas<\/strong>, algunas de ellas como guardias de seguridad en las que promet\u00eda un sueldo semanal de 4 mil a 12 mil pesos.<\/p>\n\n\n\n<p>Las personas interesadas en las falsas ofertas de trabajo eran citadas en centrales camioneras, donde el personal de&nbsp;<em>El Lastra<\/em>&nbsp;las recog\u00eda y las trasladaba al rancho Izaguirre para iniciar el reclutamiento forzado.<\/p>\n\n\n\n<p>En el rancho, las personas que fueron enga\u00f1adas eran despojadas de su ropa para ponerse uniforme y botas t\u00e1cticas, adem\u00e1s de que se quedaban incomunicadas porque les quitaban sus tel\u00e9fonos. Durante un mes eran entrenadas en el\u00a0<strong>manejo de armas de fuego y acondicionamiento f\u00edsico<\/strong>, para despu\u00e9s asignarlas a distintos estados para incrementar el estado de fuerza de la organizaci\u00f3n criminal.<br>En rancho Izaguirre mataron y torturaron a quien se resisti\u00f3 a reclutamiento<\/p>\n\n\n\n<p>Jos\u00e9 Gregorio N,&nbsp;<em>El Lastra&nbsp;<\/em>o&nbsp;<em>Comandante Lastra<\/em>, confes\u00f3 que en el rancho Izaguirre ubicado en Teuchitl\u00e1n, Jalisco, y el cual hab\u00eda quedado asegurado por la Fiscal\u00eda de Jalisco desde septiembre de 2024, fueron&nbsp;<strong>asesinadas o torturadas&nbsp;<\/strong>aquellas personas que se resistieron al reclutamiento.<\/p>\n\n\n\n<p>El secretario de Seguridad, Omar Garc\u00eda Harfuch, dijo que\u00a0<em>El Lastra<\/em>\u00a0confirm\u00f3 que privado de la vida e incluso torturaron a aquellas personas que intentaron escapar o que se resistieron a ser adiestradas en las actividades delictivas; sin embargo, no dio un n\u00famero preciso de a cu\u00e1ntas personas asesinaron.<br><em>El Lastra&nbsp;<\/em>reclut\u00f3 personas&nbsp;hasta inicios de marzo de 2025<\/p>\n\n\n\n<p><em>El Lastra<\/em>, quien pretend\u00eda ocultarse en la Ciudad de M\u00e9xico, est\u00e1 vinculado al reclutamiento forzado de personas para el CJNG durante mayo de 2024 a inicios de marzo de 2025, cuando recibi\u00f3 la instrucci\u00f3n de concluir con esa tarea y desde entonces se escond\u00eda de las autoridades.<\/p>\n\n\n\n<p>El secretario de Seguridad indic\u00f3 que tras las investigaciones y luego de&nbsp;identificar la estructura criminal se logr\u00f3 conocer que&nbsp;<em>El Lastra&nbsp;<\/em>era uno de los&nbsp;<strong>principales colaboradores de Gonzalo &#8216;N&#8217;,&nbsp;<em>El Sapo<\/em><\/strong>, uno de los l\u00edderes regionales de dicho grupo criminal en Jalisco, Nayarit y Zacatecas, quien le encarg\u00f3 el adiestramiento de personas.<\/p>\n\n\n\n<p>El pasado 10 de marzo, de acuerdo con las investigaciones,&nbsp;<em>El Lastra<\/em>&nbsp;se reuni\u00f3 con el l\u00edder regional&nbsp;<em>El Sapo<\/em>, en Puerto Vallarta, Jalisco, quien le orden\u00f3 concluir con el adiestramiento de personas, por lo que a partir de ah\u00ed primero se ocult\u00f3 en Tala y finalmente se traslad\u00f3 a la Ciudad de M\u00e9xico, en donde este fin de semana fue detenido.<\/p>\n","protected":false},"excerpt":{"rendered":"<p>El\u00a0rancho Izaguirre, en Teuchitl\u00e1n, Jalisco, era un\u00a0centro de adiestramiento\u00a0que estaba a cargo de Jos\u00e9 Gregorio &#8216;N&#8217;,\u00a0El Lastra o Comandante Lastra, quien fue detenido el fin de semana en la Ciudad de M\u00e9xico por elementos del Ej\u00e9rcito y Guardia Nacional tras labores de investigaci\u00f3n del Centro Nacional de Inteligencia que le sigui\u00f3 la pista por meses. [&hellip;]<\/p>\n","protected":false},"author":4,"featured_media":60163,"comment_status":"open","ping_status":"open","sticky":false,"template":"","format":"standard","meta":{"om_disable_all_campaigns":false,"_monsterinsights_skip_tracking":false,"_monsterinsights_sitenote_active":false,"_monsterinsights_sitenote_note":"","_monsterinsights_sitenote_category":0,"footnotes":""},"categories":[175,226],"tags":[],"class_list":["post-60162","post","type-post","status-publish","format-standard","has-post-thumbnail","hentry","category-local","category-policia"],"amp_enabled":true,"_links":{"self":[{"href":"https:\/\/lahora.mx\/index.php\/wp-json\/wp\/v2\/posts\/60162","targetHints":{"allow":["GET"]}}],"collection":[{"href":"https:\/\/lahora.mx\/index.php\/wp-json\/wp\/v2\/posts"}],"about":[{"href":"https:\/\/lahora.mx\/index.php\/wp-json\/wp\/v2\/types\/post"}],"author":[{"embeddable":true,"href":"https:\/\/lahora.mx\/index.php\/wp-json\/wp\/v2\/users\/4"}],"replies":[{"embeddable":true,"href":"https:\/\/lahora.mx\/index.php\/wp-json\/wp\/v2\/comments?post=60162"}],"version-history":[{"count":1,"href":"https:\/\/lahora.mx\/index.php\/wp-json\/wp\/v2\/posts\/60162\/revisions"}],"predecessor-version":[{"id":60164,"href":"https:\/\/lahora.mx\/index.php\/wp-json\/wp\/v2\/posts\/60162\/revisions\/60164"}],"wp:featuredmedia":[{"embeddable":true,"href":"https:\/\/lahora.mx\/index.php\/wp-json\/wp\/v2\/media\/60163"}],"wp:attachment":[{"href":"https:\/\/lahora.mx\/index.php\/wp-json\/wp\/v2\/media?parent=60162"}],"wp:term":[{"taxonomy":"category","embeddable":true,"href":"https:\/\/lahora.mx\/index.php\/wp-json\/wp\/v2\/categories?post=60162"},{"taxonomy":"post_tag","embeddable":true,"href":"https:\/\/lahora.mx\/index.php\/wp-json\/wp\/v2\/tags?post=60162"}],"curies":[{"name":"wp","href":"https:\/\/api.w.org\/{rel}","templated":true}]}}