{"id":60156,"date":"2025-03-24T16:54:38","date_gmt":"2025-03-24T16:54:38","guid":{"rendered":"https:\/\/lahora.mx\/?p=60156"},"modified":"2025-03-24T16:54:39","modified_gmt":"2025-03-24T16:54:39","slug":"reinician-actividades-presenciales-en-buap-de-manera-escalonada","status":"publish","type":"post","link":"https:\/\/lahora.mx\/index.php\/2025\/03\/24\/reinician-actividades-presenciales-en-buap-de-manera-escalonada\/","title":{"rendered":"Reinician actividades presenciales en BUAP de manera escalonada"},"content":{"rendered":"\n<p>La\u00a0<strong>Benem\u00e9rita Universidad Aut\u00f3noma de Puebla (BUAP)<\/strong>\u00a0inform\u00f3 que a partir del\u00a0<strong>lunes 24 de marzo<\/strong>\u00a0se reanudar\u00e1n las\u00a0<strong>clases y actividades presenciales de manera escalonada<\/strong>\u00a0en todas sus\u00a0<strong>preparatorias<\/strong>\u00a0de la\u00a0<strong>zona conurbada de Puebla<\/strong>, as\u00ed como en el\u00a0<strong>Bachillerato Internacional 5 de Mayo<\/strong>, adem\u00e1s de las\u00a0<strong>facultades<\/strong>\u00a0de\u00a0<strong>Comunicaci\u00f3n<\/strong>,\u00a0<strong>Contadur\u00eda<\/strong>\u00a0y el\u00a0<strong>Instituto de Ciencias de Gobierno y Desarrollo Estrat\u00e9gico<\/strong>.<br>A trav\u00e9s de un&nbsp;<strong>comunicado de prensa&nbsp;<\/strong>se anunci\u00f3 que el&nbsp;<strong>calendario para el regreso presencial<\/strong>&nbsp;ser\u00e1&nbsp;<strong>difundido<\/strong>&nbsp;por cada una de estas&nbsp;<strong>unidades acad\u00e9micas<\/strong>.<\/p>\n\n\n\n<p>En el caso de las&nbsp;<strong>facultades de Ciencias de la Comunicaci\u00f3n y de Contadur\u00eda P\u00fablica<\/strong>, la&nbsp;<strong>BUAP<\/strong>&nbsp;destac\u00f3 que el&nbsp;<strong>regreso<\/strong>&nbsp;se llevar\u00e1 a cabo en apego a los&nbsp;<strong>acuerdos alcanzados en las mesas de di\u00e1logo<\/strong>, por lo que se mantendr\u00e1 una&nbsp;<strong>comunicaci\u00f3n permanente<\/strong>&nbsp;entre los representantes de la&nbsp;<strong>Comisi\u00f3n Institucional de Di\u00e1logo<\/strong>&nbsp;y de los&nbsp;<strong>universitarios<\/strong>.<\/p>\n\n\n\n<p>La instituci\u00f3n reafirm\u00f3 su&nbsp;<strong>compromiso de continuar con el di\u00e1logo<\/strong>&nbsp;como v\u00eda para la&nbsp;<strong>construcci\u00f3n de acuerdos<\/strong>&nbsp;que fortalezcan la&nbsp;<strong>vida acad\u00e9mica, profesional y el bienestar de la comunidad universitaria<\/strong>.<\/p>\n","protected":false},"excerpt":{"rendered":"<p>La\u00a0Benem\u00e9rita Universidad Aut\u00f3noma de Puebla (BUAP)\u00a0inform\u00f3 que a partir del\u00a0lunes 24 de marzo\u00a0se reanudar\u00e1n las\u00a0clases y actividades presenciales de manera escalonada\u00a0en todas sus\u00a0preparatorias\u00a0de la\u00a0zona conurbada de Puebla, as\u00ed como en el\u00a0Bachillerato Internacional 5 de Mayo, adem\u00e1s de las\u00a0facultades\u00a0de\u00a0Comunicaci\u00f3n,\u00a0Contadur\u00eda\u00a0y el\u00a0Instituto de Ciencias de Gobierno y Desarrollo Estrat\u00e9gico.A trav\u00e9s de un&nbsp;comunicado de prensa&nbsp;se anunci\u00f3 que el&nbsp;calendario para [&hellip;]<\/p>\n","protected":false},"author":4,"featured_media":60157,"comment_status":"open","ping_status":"open","sticky":false,"template":"","format":"standard","meta":{"om_disable_all_campaigns":false,"_monsterinsights_skip_tracking":false,"_monsterinsights_sitenote_active":false,"_monsterinsights_sitenote_note":"","_monsterinsights_sitenote_category":0,"footnotes":""},"categories":[175],"tags":[186,223],"class_list":["post-60156","post","type-post","status-publish","format-standard","has-post-thumbnail","hentry","category-local","tag-buap","tag-puebla"],"amp_enabled":true,"_links":{"self":[{"href":"https:\/\/lahora.mx\/index.php\/wp-json\/wp\/v2\/posts\/60156","targetHints":{"allow":["GET"]}}],"collection":[{"href":"https:\/\/lahora.mx\/index.php\/wp-json\/wp\/v2\/posts"}],"about":[{"href":"https:\/\/lahora.mx\/index.php\/wp-json\/wp\/v2\/types\/post"}],"author":[{"embeddable":true,"href":"https:\/\/lahora.mx\/index.php\/wp-json\/wp\/v2\/users\/4"}],"replies":[{"embeddable":true,"href":"https:\/\/lahora.mx\/index.php\/wp-json\/wp\/v2\/comments?post=60156"}],"version-history":[{"count":1,"href":"https:\/\/lahora.mx\/index.php\/wp-json\/wp\/v2\/posts\/60156\/revisions"}],"predecessor-version":[{"id":60158,"href":"https:\/\/lahora.mx\/index.php\/wp-json\/wp\/v2\/posts\/60156\/revisions\/60158"}],"wp:featuredmedia":[{"embeddable":true,"href":"https:\/\/lahora.mx\/index.php\/wp-json\/wp\/v2\/media\/60157"}],"wp:attachment":[{"href":"https:\/\/lahora.mx\/index.php\/wp-json\/wp\/v2\/media?parent=60156"}],"wp:term":[{"taxonomy":"category","embeddable":true,"href":"https:\/\/lahora.mx\/index.php\/wp-json\/wp\/v2\/categories?post=60156"},{"taxonomy":"post_tag","embeddable":true,"href":"https:\/\/lahora.mx\/index.php\/wp-json\/wp\/v2\/tags?post=60156"}],"curies":[{"name":"wp","href":"https:\/\/api.w.org\/{rel}","templated":true}]}}