{"id":60126,"date":"2025-03-23T16:58:13","date_gmt":"2025-03-23T16:58:13","guid":{"rendered":"https:\/\/lahora.mx\/?p=60126"},"modified":"2025-03-23T16:58:14","modified_gmt":"2025-03-23T16:58:14","slug":"pan-acusa-que-violencia-en-chignahuapan-es-reflejo-de-ingobernabilidad","status":"publish","type":"post","link":"https:\/\/lahora.mx\/index.php\/2025\/03\/23\/pan-acusa-que-violencia-en-chignahuapan-es-reflejo-de-ingobernabilidad\/","title":{"rendered":"PAN acusa que violencia en Chignahuapan es reflejo de ingobernabilidad"},"content":{"rendered":"\n<p>Tras los hechos suscitados en\u00a0<strong>Chignahuapan<\/strong>, el Partido Acci\u00f3n Nacional (<strong>PAN<\/strong>) refiri\u00f3 que son un reflejo de la\u00a0crisis de ingobernabilidad heredada en varias regiones del pa\u00eds.<\/p>\n\n\n\n<p>A trav\u00e9s de un comunicado, el\u00a0<strong>PAN<\/strong>\u00a0se\u00f1al\u00f3 que lamentablemente, la participaci\u00f3n del\u00a0<strong>crimen organizado<\/strong>\u00a0en los procesos electorales, como denunci\u00f3 el partido desde el a\u00f1o pasado, es una\u00a0realidad.<\/p>\n\n\n\n<p>\u201cEn\u00a0<strong>Acci\u00f3n Nacional<\/strong>\u00a0seguimos impulsando\u00a0<strong>cambios democr\u00e1ticos<\/strong>, apost\u00e1ndole a la reflexi\u00f3n, concientizaci\u00f3n y\u00a0participaci\u00f3n ciudadana, pero en condiciones de seguridad\u201d, se lee en el comunicado.<br>Asimismo, se\u00f1alaron que\u00a0<strong>urgen a las autoridades<\/strong>\u00a0de los tres \u00f3rdenes de gobierno y sin distingo de partido, a que\u00a0<strong>den garant\u00edas a la poblaci\u00f3n<\/strong>.<\/p>\n\n\n\n<p>\u201c<strong>Atentar contra una elecci\u00f3n<\/strong>&nbsp;es atentar contra el r\u00e9gimen democr\u00e1tico. La&nbsp;<strong>elecci\u00f3n extraordinaria<\/strong>&nbsp;del d\u00eda de ma\u00f1ana (hoy) debe transcurrir&nbsp;<strong>en condiciones de paz y seguridad<\/strong>\u201d, se\u00f1al\u00f3 el PAN en el comunicado.&nbsp;<\/p>\n","protected":false},"excerpt":{"rendered":"<p>Tras los hechos suscitados en\u00a0Chignahuapan, el Partido Acci\u00f3n Nacional (PAN) refiri\u00f3 que son un reflejo de la\u00a0crisis de ingobernabilidad heredada en varias regiones del pa\u00eds. A trav\u00e9s de un comunicado, el\u00a0PAN\u00a0se\u00f1al\u00f3 que lamentablemente, la participaci\u00f3n del\u00a0crimen organizado\u00a0en los procesos electorales, como denunci\u00f3 el partido desde el a\u00f1o pasado, es una\u00a0realidad. \u201cEn\u00a0Acci\u00f3n Nacional\u00a0seguimos impulsando\u00a0cambios democr\u00e1ticos, apost\u00e1ndole [&hellip;]<\/p>\n","protected":false},"author":4,"featured_media":60127,"comment_status":"open","ping_status":"open","sticky":false,"template":"","format":"standard","meta":{"om_disable_all_campaigns":false,"_monsterinsights_skip_tracking":false,"_monsterinsights_sitenote_active":false,"_monsterinsights_sitenote_note":"","_monsterinsights_sitenote_category":0,"footnotes":""},"categories":[175,176,226],"tags":[223],"class_list":["post-60126","post","type-post","status-publish","format-standard","has-post-thumbnail","hentry","category-local","category-nacional","category-policia","tag-puebla"],"amp_enabled":true,"_links":{"self":[{"href":"https:\/\/lahora.mx\/index.php\/wp-json\/wp\/v2\/posts\/60126","targetHints":{"allow":["GET"]}}],"collection":[{"href":"https:\/\/lahora.mx\/index.php\/wp-json\/wp\/v2\/posts"}],"about":[{"href":"https:\/\/lahora.mx\/index.php\/wp-json\/wp\/v2\/types\/post"}],"author":[{"embeddable":true,"href":"https:\/\/lahora.mx\/index.php\/wp-json\/wp\/v2\/users\/4"}],"replies":[{"embeddable":true,"href":"https:\/\/lahora.mx\/index.php\/wp-json\/wp\/v2\/comments?post=60126"}],"version-history":[{"count":1,"href":"https:\/\/lahora.mx\/index.php\/wp-json\/wp\/v2\/posts\/60126\/revisions"}],"predecessor-version":[{"id":60128,"href":"https:\/\/lahora.mx\/index.php\/wp-json\/wp\/v2\/posts\/60126\/revisions\/60128"}],"wp:featuredmedia":[{"embeddable":true,"href":"https:\/\/lahora.mx\/index.php\/wp-json\/wp\/v2\/media\/60127"}],"wp:attachment":[{"href":"https:\/\/lahora.mx\/index.php\/wp-json\/wp\/v2\/media?parent=60126"}],"wp:term":[{"taxonomy":"category","embeddable":true,"href":"https:\/\/lahora.mx\/index.php\/wp-json\/wp\/v2\/categories?post=60126"},{"taxonomy":"post_tag","embeddable":true,"href":"https:\/\/lahora.mx\/index.php\/wp-json\/wp\/v2\/tags?post=60126"}],"curies":[{"name":"wp","href":"https:\/\/api.w.org\/{rel}","templated":true}]}}