{"id":60117,"date":"2025-03-21T23:20:32","date_gmt":"2025-03-21T23:20:32","guid":{"rendered":"https:\/\/lahora.mx\/?p=60117"},"modified":"2025-03-21T23:20:32","modified_gmt":"2025-03-21T23:20:32","slug":"tonantzin-fernandez-inaugura-festival-del-equinoccio-xopanilhuitl-2025","status":"publish","type":"post","link":"https:\/\/lahora.mx\/index.php\/2025\/03\/21\/tonantzin-fernandez-inaugura-festival-del-equinoccio-xopanilhuitl-2025\/","title":{"rendered":"Tonantzin Fern\u00e1ndez inaugura Festival del Equinoccio Xopanilhuitl 2025"},"content":{"rendered":"\n<p>La presidenta municipal de San Pedro Cholula,\u00a0<strong>Tonantzin Fern\u00e1ndez\u00a0inaugur\u00f3\u00a0el Festival Equinoccio Xopalnilhuitl 2025,<\/strong>\u00a0en el Parque Soria, que representa el inicio de las festividades con motivo de la\u00a0<strong>llegada de la primavera.<\/strong><br>Tonantzin Fern\u00e1ndez en compa\u00f1\u00eda de la senadora\u00a0<strong>Liz S\u00e1nchez realizaron la ceremonia<\/strong>\u00a0de recibimiento al Sol, encabezada por el Calpulli Huitzilihuitl.<\/p>\n\n\n\n<p><\/p>\n\n\n\n<p>Asimismo, la alcaldesa reafirm\u00f3 su compromiso de preservar y honrar las tradiciones de las y los cholutecas.<\/p>\n\n\n\n<p>Adem\u00e1s, invit\u00f3 a todas y todos a tomar energ\u00edas en el Equinoccio y a disfrutar de los danzantes que enaltecen la cultura del lugar.<br><br>La alcaldesa pidi\u00f3 a la ciudadan\u00eda a\u00a0<strong>vivir en armon\u00eda en un entorno de paz<\/strong>, tranquilidad y convivencia sana. Cabe mencionar que como parte de la celebraci\u00f3n l<strong>os pr\u00f3ximos 21, 22 y 23 de marzo participar\u00e1n grupos musicales<\/strong>\u00a0como: Cumbia Nova, la Sonora Dinamita<br><br><br><\/p>\n","protected":false},"excerpt":{"rendered":"<p>La presidenta municipal de San Pedro Cholula,\u00a0Tonantzin Fern\u00e1ndez\u00a0inaugur\u00f3\u00a0el Festival Equinoccio Xopalnilhuitl 2025,\u00a0en el Parque Soria, que representa el inicio de las festividades con motivo de la\u00a0llegada de la primavera.Tonantzin Fern\u00e1ndez en compa\u00f1\u00eda de la senadora\u00a0Liz S\u00e1nchez realizaron la ceremonia\u00a0de recibimiento al Sol, encabezada por el Calpulli Huitzilihuitl. Asimismo, la alcaldesa reafirm\u00f3 su compromiso de preservar [&hellip;]<\/p>\n","protected":false},"author":4,"featured_media":60118,"comment_status":"open","ping_status":"open","sticky":false,"template":"","format":"standard","meta":{"om_disable_all_campaigns":false,"_monsterinsights_skip_tracking":false,"_monsterinsights_sitenote_active":false,"_monsterinsights_sitenote_note":"","_monsterinsights_sitenote_category":0,"footnotes":""},"categories":[175],"tags":[223],"class_list":["post-60117","post","type-post","status-publish","format-standard","has-post-thumbnail","hentry","category-local","tag-puebla"],"amp_enabled":true,"_links":{"self":[{"href":"https:\/\/lahora.mx\/index.php\/wp-json\/wp\/v2\/posts\/60117","targetHints":{"allow":["GET"]}}],"collection":[{"href":"https:\/\/lahora.mx\/index.php\/wp-json\/wp\/v2\/posts"}],"about":[{"href":"https:\/\/lahora.mx\/index.php\/wp-json\/wp\/v2\/types\/post"}],"author":[{"embeddable":true,"href":"https:\/\/lahora.mx\/index.php\/wp-json\/wp\/v2\/users\/4"}],"replies":[{"embeddable":true,"href":"https:\/\/lahora.mx\/index.php\/wp-json\/wp\/v2\/comments?post=60117"}],"version-history":[{"count":1,"href":"https:\/\/lahora.mx\/index.php\/wp-json\/wp\/v2\/posts\/60117\/revisions"}],"predecessor-version":[{"id":60119,"href":"https:\/\/lahora.mx\/index.php\/wp-json\/wp\/v2\/posts\/60117\/revisions\/60119"}],"wp:featuredmedia":[{"embeddable":true,"href":"https:\/\/lahora.mx\/index.php\/wp-json\/wp\/v2\/media\/60118"}],"wp:attachment":[{"href":"https:\/\/lahora.mx\/index.php\/wp-json\/wp\/v2\/media?parent=60117"}],"wp:term":[{"taxonomy":"category","embeddable":true,"href":"https:\/\/lahora.mx\/index.php\/wp-json\/wp\/v2\/categories?post=60117"},{"taxonomy":"post_tag","embeddable":true,"href":"https:\/\/lahora.mx\/index.php\/wp-json\/wp\/v2\/tags?post=60117"}],"curies":[{"name":"wp","href":"https:\/\/api.w.org\/{rel}","templated":true}]}}