{"id":60114,"date":"2025-03-21T23:17:10","date_gmt":"2025-03-21T23:17:10","guid":{"rendered":"https:\/\/lahora.mx\/?p=60114"},"modified":"2025-03-21T23:17:10","modified_gmt":"2025-03-21T23:17:10","slug":"el-estadio-azteca-sera-reconocido-como-estadio-ciudad-de-mexico-para-la-copa-del-mundo-2026","status":"publish","type":"post","link":"https:\/\/lahora.mx\/index.php\/2025\/03\/21\/el-estadio-azteca-sera-reconocido-como-estadio-ciudad-de-mexico-para-la-copa-del-mundo-2026\/","title":{"rendered":"El estadio Azteca ser\u00e1 reconocido como \u00abestadio Ciudad de M\u00e9xico\u00bb para la Copa del Mundo 2026"},"content":{"rendered":"\n<p>Este viernes se anunci\u00f3 que el\u00a0estadio Azteca, renombrado como estadio Banorte, ser\u00e1 reconocido como\u00a0<strong>estadio Ciudad de M\u00e9xico\u00a0<\/strong>durante la\u00a0<strong>Copa del Mundo 2026<\/strong>.<\/p>\n\n\n\n<p>A falta de 447 d\u00edas para el comienzo del Mundial que Estados Unidos, Canad\u00e1 y M\u00e9xico protagonizar\u00e1n como pa\u00edses sede, se anunci\u00f3 de manera oficial c\u00f3mo ser\u00e1 reconocido el hist\u00f3rico Coloso de Santa \u00darsula ante FIFA, ya que, de acuerdo al reglamento,&nbsp;<strong>no pueden ser identificados con nombres de marcas<\/strong>&nbsp;comerciales.&nbsp;<\/p>\n\n\n\n<p>Tan solo hace unas semanas el\u00a0<strong>Grupo Ollamani<\/strong>\u00a0y Banorte, anunciaron \u00abel cierre de una operaci\u00f3n que incluye componentes publicitarios y de patrocinios, as\u00ed como un financiamiento por<strong>\u00a02 mil 100 millones de pesos<\/strong>\u00a0para la modernizaci\u00f3n del recinto\u00bb, pero este viernes se confirm\u00f3 que el estadio llevar\u00e1 el nombre de la capital del pa\u00eds.<br><br>El periodista&nbsp;<strong>Fernando Schwartz<\/strong>, actual Director de Comunicaci\u00f3n de Selecciones Nacionales, comparti\u00f3 en redes sociales un comunicado donde informa el cambio de nombre.<\/p>\n\n\n\n<p>\u00abPara el Mundial 2026, todos los estadios de las 16 ciudades sedes ser\u00e1n identificados por el nombre de estas. As\u00ed, el estadio Banorte aparecer\u00e1 en la informaci\u00f3n y boletaje de la FIFA como&nbsp;<strong>&#8216;estadio Ciudad de M\u00e9xico&#8217;<\/strong>. Este lineamiento FIFA lo emplear\u00e1 exclusivamente durante el torneo y no sustituye ni modifica el nombre oficial del inmueble. En la Host City CDMX nos estamos preparando para albergar a decenas de miles de aficionados nacionales e internacionales en la&nbsp;<strong>Copa Mundial de la FIFA 2026<\/strong>, en la que el recinto en Coapa, adem\u00e1s ya renovado, har\u00e1 historia como el \u00fanico en el mundo en ser tres veces sede inaugural\u00bb se lee en el mismo.<\/p>\n","protected":false},"excerpt":{"rendered":"<p>Este viernes se anunci\u00f3 que el\u00a0estadio Azteca, renombrado como estadio Banorte, ser\u00e1 reconocido como\u00a0estadio Ciudad de M\u00e9xico\u00a0durante la\u00a0Copa del Mundo 2026. A falta de 447 d\u00edas para el comienzo del Mundial que Estados Unidos, Canad\u00e1 y M\u00e9xico protagonizar\u00e1n como pa\u00edses sede, se anunci\u00f3 de manera oficial c\u00f3mo ser\u00e1 reconocido el hist\u00f3rico Coloso de Santa \u00darsula [&hellip;]<\/p>\n","protected":false},"author":4,"featured_media":60115,"comment_status":"open","ping_status":"open","sticky":false,"template":"","format":"standard","meta":{"om_disable_all_campaigns":false,"_monsterinsights_skip_tracking":false,"_monsterinsights_sitenote_active":false,"_monsterinsights_sitenote_note":"","_monsterinsights_sitenote_category":0,"footnotes":""},"categories":[6],"tags":[142],"class_list":["post-60114","post","type-post","status-publish","format-standard","has-post-thumbnail","hentry","category-sports","tag-sports"],"amp_enabled":true,"_links":{"self":[{"href":"https:\/\/lahora.mx\/index.php\/wp-json\/wp\/v2\/posts\/60114","targetHints":{"allow":["GET"]}}],"collection":[{"href":"https:\/\/lahora.mx\/index.php\/wp-json\/wp\/v2\/posts"}],"about":[{"href":"https:\/\/lahora.mx\/index.php\/wp-json\/wp\/v2\/types\/post"}],"author":[{"embeddable":true,"href":"https:\/\/lahora.mx\/index.php\/wp-json\/wp\/v2\/users\/4"}],"replies":[{"embeddable":true,"href":"https:\/\/lahora.mx\/index.php\/wp-json\/wp\/v2\/comments?post=60114"}],"version-history":[{"count":1,"href":"https:\/\/lahora.mx\/index.php\/wp-json\/wp\/v2\/posts\/60114\/revisions"}],"predecessor-version":[{"id":60116,"href":"https:\/\/lahora.mx\/index.php\/wp-json\/wp\/v2\/posts\/60114\/revisions\/60116"}],"wp:featuredmedia":[{"embeddable":true,"href":"https:\/\/lahora.mx\/index.php\/wp-json\/wp\/v2\/media\/60115"}],"wp:attachment":[{"href":"https:\/\/lahora.mx\/index.php\/wp-json\/wp\/v2\/media?parent=60114"}],"wp:term":[{"taxonomy":"category","embeddable":true,"href":"https:\/\/lahora.mx\/index.php\/wp-json\/wp\/v2\/categories?post=60114"},{"taxonomy":"post_tag","embeddable":true,"href":"https:\/\/lahora.mx\/index.php\/wp-json\/wp\/v2\/tags?post=60114"}],"curies":[{"name":"wp","href":"https:\/\/api.w.org\/{rel}","templated":true}]}}