{"id":60082,"date":"2025-03-21T18:31:07","date_gmt":"2025-03-21T18:31:07","guid":{"rendered":"https:\/\/lahora.mx\/?p=60082"},"modified":"2025-03-21T18:31:08","modified_gmt":"2025-03-21T18:31:08","slug":"patrulla-de-san-andres-no-fue-baleada-choco-menciona-lupita-cuautle","status":"publish","type":"post","link":"https:\/\/lahora.mx\/index.php\/2025\/03\/21\/patrulla-de-san-andres-no-fue-baleada-choco-menciona-lupita-cuautle\/","title":{"rendered":"Patrulla de San Andr\u00e9s no fue baleada, choc\u00f3 menciona Lupita Cuautle"},"content":{"rendered":"\n<p>La\u00a0<strong>presidenta municipal de San Andr\u00e9s Cholula, Lupita Cuautle,\u00a0<\/strong>inform\u00f3 que la\u00a0patrulla \u00a0involucrada en un incidente en la<strong>\u00a0V\u00eda Atlixc\u00e1yotl<\/strong>\u00a0<strong>sufri\u00f3 un choque y no fue objeto de disparos.\u00a0<\/strong>Los dos\u00a0<strong>polic\u00edas\u00a0<\/strong>que viajaban a bordo resultaron\u00a0<strong>ilesos.<\/strong><\/p>\n\n\n\n<p>En entrevista durante la&nbsp;<strong>entrega de \u00e1rboles en el Parque Intermunicipal,<\/strong>&nbsp;la edil explic\u00f3 que el accidente&nbsp;<strong>ocurri\u00f3 mientras los oficiales persegu\u00edan a un autom\u00f3vil que detectaron como robado<\/strong>. Asimismo, destac\u00f3 que los operativos de seguridad contin\u00faan en la&nbsp;<strong>zona de Angel\u00f3polis<\/strong>.<\/p>\n\n\n\n<p>\u00abNo fue un tema de baleo, simplemente fue un choque. Queremos aclarar la situaci\u00f3n para evitar desinformaci\u00f3n y especulaciones\u00bb, declar\u00f3 Cuautle Torres.<\/p>\n\n\n\n<p>or su parte, la<strong>\u00a0Secretar\u00eda de seguridad P\u00fablica<\/strong><strong>\u00a0y Protecci\u00f3n Ciudadana (SSPPC) de San Andr\u00e9s Cholula<\/strong>\u00a0emiti\u00f3 un comunicado para descartar cualquier ataque contra los elementos de seguridad. En el documento se se\u00f1ala lo siguiente:<\/p>\n\n\n\n<ul class=\"wp-block-list\">\n<li><strong>No hubo ataque directo:<\/strong>\u00a0La SSPPC desminti\u00f3 las versiones sobre una balacera que involucrara a los polic\u00edas municipales.<\/li>\n\n\n\n<li><strong>Persecuci\u00f3n y accidente:<\/strong>\u00a0La patrulla choc\u00f3 contra una estructura met\u00e1lica luego de que un segundo veh\u00edculo cerrara su paso durante la persecuci\u00f3n de un autom\u00f3vil sospechoso.<\/li>\n\n\n\n<li><strong>Detonaciones al aire:<\/strong>\u00a0Los ocupantes del segundo veh\u00edculo realizaron disparos al aire, sin que se registraran agresiones directas hacia los agentes.<\/li>\n\n\n\n<li><strong>Estado de salud estable:<\/strong>\u00a0Los dos oficiales involucrados recibieron atenci\u00f3n prehospitalaria y fueron trasladados a un hospital en Puebla, donde se reportaron estables.<\/li>\n\n\n\n<li><strong>Sin indicios bal\u00edsticos:<\/strong>\u00a0Tras el siniestro, se realiz\u00f3 una inspecci\u00f3n en la zona sin encontrar evidencias de impactos de bala.<\/li>\n<\/ul>\n\n\n\n<p>Finalmente, la SSPPC asegur\u00f3 que las autoridades competentes llevar\u00e1n a cabo las investigaciones correspondientes para deslindar responsabilidades.&nbsp;<\/p>\n","protected":false},"excerpt":{"rendered":"<p>La\u00a0presidenta municipal de San Andr\u00e9s Cholula, Lupita Cuautle,\u00a0inform\u00f3 que la\u00a0patrulla \u00a0involucrada en un incidente en la\u00a0V\u00eda Atlixc\u00e1yotl\u00a0sufri\u00f3 un choque y no fue objeto de disparos.\u00a0Los dos\u00a0polic\u00edas\u00a0que viajaban a bordo resultaron\u00a0ilesos. En entrevista durante la&nbsp;entrega de \u00e1rboles en el Parque Intermunicipal,&nbsp;la edil explic\u00f3 que el accidente&nbsp;ocurri\u00f3 mientras los oficiales persegu\u00edan a un autom\u00f3vil que detectaron como [&hellip;]<\/p>\n","protected":false},"author":4,"featured_media":60083,"comment_status":"open","ping_status":"open","sticky":false,"template":"","format":"standard","meta":{"om_disable_all_campaigns":false,"_monsterinsights_skip_tracking":false,"_monsterinsights_sitenote_active":false,"_monsterinsights_sitenote_note":"","_monsterinsights_sitenote_category":0,"footnotes":""},"categories":[175],"tags":[234,195,223],"class_list":["post-60082","post","type-post","status-publish","format-standard","has-post-thumbnail","hentry","category-local","tag-cholula","tag-principal","tag-puebla"],"amp_enabled":true,"_links":{"self":[{"href":"https:\/\/lahora.mx\/index.php\/wp-json\/wp\/v2\/posts\/60082","targetHints":{"allow":["GET"]}}],"collection":[{"href":"https:\/\/lahora.mx\/index.php\/wp-json\/wp\/v2\/posts"}],"about":[{"href":"https:\/\/lahora.mx\/index.php\/wp-json\/wp\/v2\/types\/post"}],"author":[{"embeddable":true,"href":"https:\/\/lahora.mx\/index.php\/wp-json\/wp\/v2\/users\/4"}],"replies":[{"embeddable":true,"href":"https:\/\/lahora.mx\/index.php\/wp-json\/wp\/v2\/comments?post=60082"}],"version-history":[{"count":1,"href":"https:\/\/lahora.mx\/index.php\/wp-json\/wp\/v2\/posts\/60082\/revisions"}],"predecessor-version":[{"id":60084,"href":"https:\/\/lahora.mx\/index.php\/wp-json\/wp\/v2\/posts\/60082\/revisions\/60084"}],"wp:featuredmedia":[{"embeddable":true,"href":"https:\/\/lahora.mx\/index.php\/wp-json\/wp\/v2\/media\/60083"}],"wp:attachment":[{"href":"https:\/\/lahora.mx\/index.php\/wp-json\/wp\/v2\/media?parent=60082"}],"wp:term":[{"taxonomy":"category","embeddable":true,"href":"https:\/\/lahora.mx\/index.php\/wp-json\/wp\/v2\/categories?post=60082"},{"taxonomy":"post_tag","embeddable":true,"href":"https:\/\/lahora.mx\/index.php\/wp-json\/wp\/v2\/tags?post=60082"}],"curies":[{"name":"wp","href":"https:\/\/api.w.org\/{rel}","templated":true}]}}