{"id":60079,"date":"2025-03-21T18:27:59","date_gmt":"2025-03-21T18:27:59","guid":{"rendered":"https:\/\/lahora.mx\/?p=60079"},"modified":"2025-03-21T18:27:59","modified_gmt":"2025-03-21T18:27:59","slug":"vuelca-tractocamion-tras-intento-de-asalto-en-la-autopista-puebla-orizaba","status":"publish","type":"post","link":"https:\/\/lahora.mx\/index.php\/2025\/03\/21\/vuelca-tractocamion-tras-intento-de-asalto-en-la-autopista-puebla-orizaba\/","title":{"rendered":"Vuelca tractocami\u00f3n tras intento de asalto en la autopista Puebla-Orizaba"},"content":{"rendered":"\n<p>Un\u00a0<strong>tractocami\u00f3n<\/strong>\u00a0volc\u00f3 en el kil\u00f3metro 164 de la\u00a0autopista Puebla- Orizaba, en el tramo\u00a0<strong>Palmar de Bravo-Amozoc<\/strong>, luego de que sujetos armados intentaran asaltar al conductor.<\/p>\n\n\n\n<p>Seg\u00fan testigos presenciales, la madrugada de este viernes 21 de marzo, diversos sujetos a bordo de una camioneta, interceptaron la unidad para despojar al&nbsp;<strong>chofer<\/strong>. Al percatarse del intento de<strong>&nbsp;asalto<\/strong>&nbsp;y escuchar detonaciones de&nbsp;<strong>arma de fuego<\/strong>, el conductor aceler\u00f3 en un intento de huida.<\/p>\n\n\n\n<p>Aunque el chofer intent\u00f3 perder a los asaltantes, perdi\u00f3 el control del\u00a0<strong>veh\u00edculo<\/strong>, lo que provoc\u00f3 la aparatosa\u00a0<strong>volcadura<\/strong>. Tras el incidente, sufri\u00f3 diversas lesiones en el cuerpo, por lo que fue atendido en el lugar por param\u00e9dicos de\u00a0<strong>Caminos y Puentes Federales<\/strong>\u00a0(CAPUFE); su\u00a0<strong>estado de salud<\/strong>\u00a0fue reportado como estable.<\/p>\n\n\n\n<p>El accidente gener\u00f3&nbsp;<strong>caos vial<\/strong>&nbsp;y&nbsp;<strong>tr\u00e1fico pesado<\/strong>&nbsp;durante varias horas, lo que provoc\u00f3 el cierre de la circulaci\u00f3n por parte de las autoridades en el tramo afectado. Algunos automovilistas quienes intentaron evitar el congestionamiento, tomaron el&nbsp;<strong>retorno<\/strong>&nbsp;en sentido contrario, lo que extendi\u00f3 el tr\u00e1fico hasta el&nbsp;<strong>kil\u00f3metro 180<\/strong>.<\/p>\n\n\n\n<p>Elementos de la\u00a0<strong>Guardia Nacional<\/strong>\u00a0acudieron al sitio para coordinar las labores de auxilio y habilitar un carril con direcci\u00f3n a\u00a0<strong>Puebla<\/strong>, con el objetivo de restablecer el flujo vehicular.<\/p>\n","protected":false},"excerpt":{"rendered":"<p>Un\u00a0tractocami\u00f3n\u00a0volc\u00f3 en el kil\u00f3metro 164 de la\u00a0autopista Puebla- Orizaba, en el tramo\u00a0Palmar de Bravo-Amozoc, luego de que sujetos armados intentaran asaltar al conductor. Seg\u00fan testigos presenciales, la madrugada de este viernes 21 de marzo, diversos sujetos a bordo de una camioneta, interceptaron la unidad para despojar al&nbsp;chofer. Al percatarse del intento de&nbsp;asalto&nbsp;y escuchar detonaciones de&nbsp;arma [&hellip;]<\/p>\n","protected":false},"author":4,"featured_media":60080,"comment_status":"open","ping_status":"open","sticky":false,"template":"","format":"standard","meta":{"om_disable_all_campaigns":false,"_monsterinsights_skip_tracking":false,"_monsterinsights_sitenote_active":false,"_monsterinsights_sitenote_note":"","_monsterinsights_sitenote_category":0,"footnotes":""},"categories":[175,226],"tags":[],"class_list":["post-60079","post","type-post","status-publish","format-standard","has-post-thumbnail","hentry","category-local","category-policia"],"amp_enabled":true,"_links":{"self":[{"href":"https:\/\/lahora.mx\/index.php\/wp-json\/wp\/v2\/posts\/60079","targetHints":{"allow":["GET"]}}],"collection":[{"href":"https:\/\/lahora.mx\/index.php\/wp-json\/wp\/v2\/posts"}],"about":[{"href":"https:\/\/lahora.mx\/index.php\/wp-json\/wp\/v2\/types\/post"}],"author":[{"embeddable":true,"href":"https:\/\/lahora.mx\/index.php\/wp-json\/wp\/v2\/users\/4"}],"replies":[{"embeddable":true,"href":"https:\/\/lahora.mx\/index.php\/wp-json\/wp\/v2\/comments?post=60079"}],"version-history":[{"count":1,"href":"https:\/\/lahora.mx\/index.php\/wp-json\/wp\/v2\/posts\/60079\/revisions"}],"predecessor-version":[{"id":60081,"href":"https:\/\/lahora.mx\/index.php\/wp-json\/wp\/v2\/posts\/60079\/revisions\/60081"}],"wp:featuredmedia":[{"embeddable":true,"href":"https:\/\/lahora.mx\/index.php\/wp-json\/wp\/v2\/media\/60080"}],"wp:attachment":[{"href":"https:\/\/lahora.mx\/index.php\/wp-json\/wp\/v2\/media?parent=60079"}],"wp:term":[{"taxonomy":"category","embeddable":true,"href":"https:\/\/lahora.mx\/index.php\/wp-json\/wp\/v2\/categories?post=60079"},{"taxonomy":"post_tag","embeddable":true,"href":"https:\/\/lahora.mx\/index.php\/wp-json\/wp\/v2\/tags?post=60079"}],"curies":[{"name":"wp","href":"https:\/\/api.w.org\/{rel}","templated":true}]}}