{"id":60076,"date":"2025-03-21T17:48:53","date_gmt":"2025-03-21T17:48:53","guid":{"rendered":"https:\/\/lahora.mx\/?p=60076"},"modified":"2025-03-21T17:48:53","modified_gmt":"2025-03-21T17:48:53","slug":"alumno-de-la-ibero-puebla-presenta-el-poemario-cantares-del-agua","status":"publish","type":"post","link":"https:\/\/lahora.mx\/index.php\/2025\/03\/21\/alumno-de-la-ibero-puebla-presenta-el-poemario-cantares-del-agua\/","title":{"rendered":"Alumno de la Ibero Puebla presenta el poemario Cantares del agua"},"content":{"rendered":"\n<p>En el marco del&nbsp;<strong>D\u00eda Mundial del Agua<\/strong>&nbsp;y el&nbsp;<strong>D\u00eda Mundial de la Poes\u00eda<\/strong>, la&nbsp;<strong>Ibero Puebla<\/strong>comparte la iniciativa estudiantil&nbsp;<strong>Cantares del agua<\/strong>, que re\u00fane, a trav\u00e9s de un ensayo y un poemario, reflexiones para remarcar la importancia del&nbsp;<strong>recurso vital<\/strong>para nuestra cotidianidad.<\/p>\n\n\n\n<p>La obra presentada por el&nbsp;<strong>estudiante<\/strong>&nbsp;de la Licenciatura en Literatura y Filosof\u00eda,&nbsp;<strong>Santiago Lino<\/strong>&nbsp;<strong>Maldonado<\/strong>, est\u00e1 dividida en dos productos, un&nbsp;<strong>ensayo<\/strong>&nbsp;y un&nbsp;<strong>poemario<\/strong>&nbsp;que gira en torno a la reflexi\u00f3n de donde se encuentra el&nbsp;<strong>agua<\/strong>&nbsp;dentro de la&nbsp;<strong>poes\u00eda<\/strong>&nbsp;y en el&nbsp;<strong>imaginario<\/strong>&nbsp;de las personas.<\/p>\n\n\n\n<p>El\u00a0<strong>poemario<\/strong>\u00a0destaca las formas en que encontramos el\u00a0<strong>agua<\/strong>cotidianamente, como en la\u00a0<strong>ciudad<\/strong>, la\u00a0<strong>lluvia<\/strong>, las calles y los\u00a0<strong>mares<\/strong>.<br>Asimismo, el autor destaca que el t\u00edtulo&nbsp;<strong>Cantares del agua<\/strong>&nbsp;y la forma del libro retoman una idea&nbsp;<strong>prehisp\u00e1nica<\/strong>&nbsp;para su elaboraci\u00f3n.<\/p>\n\n\n\n<p>Respecto a la forma del&nbsp;<strong>poemario<\/strong>, se dise\u00f1\u00f3 para ser le\u00eddo de m\u00faltiples formas, ya sea como un&nbsp;<strong>libro<\/strong>&nbsp;tradicional o como un&nbsp;<strong>c\u00f3dice<\/strong>&nbsp;que asemeja el movimiento de un&nbsp;<strong>r\u00edo<\/strong>.<\/p>\n\n\n\n<p><strong>Santiago Lino<\/strong>&nbsp;busca que su proyecto sea un incentivo para que todas aquellas personas que lean su obra&nbsp;<strong>ensay\u00edstica<\/strong>&nbsp;o&nbsp;<strong>po\u00e9tica<\/strong>puedan encontrar el&nbsp;<strong>sentido fundamental del agua<\/strong>&nbsp;en la vida cotidiana y en el mantenimiento de todos los&nbsp;<strong>ecosistemas<\/strong>&nbsp;en los que coexistimos con otras&nbsp;<strong>especies<\/strong>&nbsp;que necesitan de este&nbsp;<strong>recurso para vivir<\/strong>.&nbsp;<\/p>\n","protected":false},"excerpt":{"rendered":"<p>En el marco del&nbsp;D\u00eda Mundial del Agua&nbsp;y el&nbsp;D\u00eda Mundial de la Poes\u00eda, la&nbsp;Ibero Pueblacomparte la iniciativa estudiantil&nbsp;Cantares del agua, que re\u00fane, a trav\u00e9s de un ensayo y un poemario, reflexiones para remarcar la importancia del&nbsp;recurso vitalpara nuestra cotidianidad. La obra presentada por el&nbsp;estudiante&nbsp;de la Licenciatura en Literatura y Filosof\u00eda,&nbsp;Santiago Lino&nbsp;Maldonado, est\u00e1 dividida en dos productos, [&hellip;]<\/p>\n","protected":false},"author":4,"featured_media":60077,"comment_status":"open","ping_status":"open","sticky":false,"template":"","format":"standard","meta":{"om_disable_all_campaigns":false,"_monsterinsights_skip_tracking":false,"_monsterinsights_sitenote_active":false,"_monsterinsights_sitenote_note":"","_monsterinsights_sitenote_category":0,"footnotes":""},"categories":[175],"tags":[223],"class_list":["post-60076","post","type-post","status-publish","format-standard","has-post-thumbnail","hentry","category-local","tag-puebla"],"amp_enabled":true,"_links":{"self":[{"href":"https:\/\/lahora.mx\/index.php\/wp-json\/wp\/v2\/posts\/60076","targetHints":{"allow":["GET"]}}],"collection":[{"href":"https:\/\/lahora.mx\/index.php\/wp-json\/wp\/v2\/posts"}],"about":[{"href":"https:\/\/lahora.mx\/index.php\/wp-json\/wp\/v2\/types\/post"}],"author":[{"embeddable":true,"href":"https:\/\/lahora.mx\/index.php\/wp-json\/wp\/v2\/users\/4"}],"replies":[{"embeddable":true,"href":"https:\/\/lahora.mx\/index.php\/wp-json\/wp\/v2\/comments?post=60076"}],"version-history":[{"count":1,"href":"https:\/\/lahora.mx\/index.php\/wp-json\/wp\/v2\/posts\/60076\/revisions"}],"predecessor-version":[{"id":60078,"href":"https:\/\/lahora.mx\/index.php\/wp-json\/wp\/v2\/posts\/60076\/revisions\/60078"}],"wp:featuredmedia":[{"embeddable":true,"href":"https:\/\/lahora.mx\/index.php\/wp-json\/wp\/v2\/media\/60077"}],"wp:attachment":[{"href":"https:\/\/lahora.mx\/index.php\/wp-json\/wp\/v2\/media?parent=60076"}],"wp:term":[{"taxonomy":"category","embeddable":true,"href":"https:\/\/lahora.mx\/index.php\/wp-json\/wp\/v2\/categories?post=60076"},{"taxonomy":"post_tag","embeddable":true,"href":"https:\/\/lahora.mx\/index.php\/wp-json\/wp\/v2\/tags?post=60076"}],"curies":[{"name":"wp","href":"https:\/\/api.w.org\/{rel}","templated":true}]}}