{"id":60073,"date":"2025-03-21T17:28:27","date_gmt":"2025-03-21T17:28:27","guid":{"rendered":"https:\/\/lahora.mx\/?p=60073"},"modified":"2025-03-21T17:28:27","modified_gmt":"2025-03-21T17:28:27","slug":"diputados-declaran-improcedente-el-desafuero-contra-cuauhtemoc-blanco","status":"publish","type":"post","link":"https:\/\/lahora.mx\/index.php\/2025\/03\/21\/diputados-declaran-improcedente-el-desafuero-contra-cuauhtemoc-blanco\/","title":{"rendered":"Diputados declaran improcedente el desafuero contra Cuauht\u00e9moc Blanco"},"content":{"rendered":"\n<p>La\u00a0<strong>C\u00e1mara de Diputados<\/strong> declar\u00f3 como improcedente la solicitud de\u00a0<strong>desafuero<\/strong>contra\u00a0Cuauht\u00e9moc Blanco Bravo, exgobernador de\u00a0<strong>Morelos\u00a0<\/strong>y actual diputado federal por<strong>\u00a0Morena<\/strong>, sin embargo, a\u00fan no es rechazado por completo, lo retomar\u00e1n la pr\u00f3xima semana.<\/p>\n\n\n\n<p>La Secci\u00f3n Instructora de la&nbsp;<strong>C\u00e1mara Baja<\/strong>, que revis\u00f3 el caso la solicitud, determin\u00f3 que la investigaci\u00f3n respecto al desafueren carece de&nbsp;<strong>rigor t\u00e9cnico<\/strong>&nbsp;y&nbsp;<strong>profesional<\/strong>&nbsp;y que no se ajusta a los principios de legalidad, lealtad y objetividad necesarios.<\/p>\n\n\n\n<p><strong>Cuauht\u00e9moc Blanco&nbsp;<\/strong>es investigado actualmente por la&nbsp;<strong>Fiscal\u00eda General del Estado de Morelos<\/strong>&nbsp;(<strong>FGE Morelos<\/strong>) por los presuntos delitos de&nbsp;<strong>abuso sexual<\/strong>&nbsp;en contra de su media hermana,&nbsp;<strong>Nidia Fabiola Blanco Fern\u00e1ndez<\/strong>.<\/p>\n\n\n\n<p>A ello se unen seis denuncias \u00a0\u2014dos penales y cuatro administrativas\u2014 del actual consejero jur\u00eddico del gobierno de dicha entidad,\u00a0<strong>Edgar Maldonado<\/strong>, y la actual contralora de Morelos,\u00a0<strong>Alejandra Pani<\/strong>, por irregularidades financieras de\u00a0<strong>40 millones de pesos<\/strong>\u00a0durante su administraci\u00f3n.<\/p>\n","protected":false},"excerpt":{"rendered":"<p>La\u00a0C\u00e1mara de Diputados declar\u00f3 como improcedente la solicitud de\u00a0desafuerocontra\u00a0Cuauht\u00e9moc Blanco Bravo, exgobernador de\u00a0Morelos\u00a0y actual diputado federal por\u00a0Morena, sin embargo, a\u00fan no es rechazado por completo, lo retomar\u00e1n la pr\u00f3xima semana. La Secci\u00f3n Instructora de la&nbsp;C\u00e1mara Baja, que revis\u00f3 el caso la solicitud, determin\u00f3 que la investigaci\u00f3n respecto al desafueren carece de&nbsp;rigor t\u00e9cnico&nbsp;y&nbsp;profesional&nbsp;y que no se [&hellip;]<\/p>\n","protected":false},"author":4,"featured_media":60074,"comment_status":"open","ping_status":"open","sticky":false,"template":"","format":"standard","meta":{"om_disable_all_campaigns":false,"_monsterinsights_skip_tracking":false,"_monsterinsights_sitenote_active":false,"_monsterinsights_sitenote_note":"","_monsterinsights_sitenote_category":0,"footnotes":""},"categories":[176],"tags":[],"class_list":["post-60073","post","type-post","status-publish","format-standard","has-post-thumbnail","hentry","category-nacional"],"amp_enabled":true,"_links":{"self":[{"href":"https:\/\/lahora.mx\/index.php\/wp-json\/wp\/v2\/posts\/60073","targetHints":{"allow":["GET"]}}],"collection":[{"href":"https:\/\/lahora.mx\/index.php\/wp-json\/wp\/v2\/posts"}],"about":[{"href":"https:\/\/lahora.mx\/index.php\/wp-json\/wp\/v2\/types\/post"}],"author":[{"embeddable":true,"href":"https:\/\/lahora.mx\/index.php\/wp-json\/wp\/v2\/users\/4"}],"replies":[{"embeddable":true,"href":"https:\/\/lahora.mx\/index.php\/wp-json\/wp\/v2\/comments?post=60073"}],"version-history":[{"count":1,"href":"https:\/\/lahora.mx\/index.php\/wp-json\/wp\/v2\/posts\/60073\/revisions"}],"predecessor-version":[{"id":60075,"href":"https:\/\/lahora.mx\/index.php\/wp-json\/wp\/v2\/posts\/60073\/revisions\/60075"}],"wp:featuredmedia":[{"embeddable":true,"href":"https:\/\/lahora.mx\/index.php\/wp-json\/wp\/v2\/media\/60074"}],"wp:attachment":[{"href":"https:\/\/lahora.mx\/index.php\/wp-json\/wp\/v2\/media?parent=60073"}],"wp:term":[{"taxonomy":"category","embeddable":true,"href":"https:\/\/lahora.mx\/index.php\/wp-json\/wp\/v2\/categories?post=60073"},{"taxonomy":"post_tag","embeddable":true,"href":"https:\/\/lahora.mx\/index.php\/wp-json\/wp\/v2\/tags?post=60073"}],"curies":[{"name":"wp","href":"https:\/\/api.w.org\/{rel}","templated":true}]}}