{"id":60059,"date":"2025-03-21T02:02:10","date_gmt":"2025-03-21T02:02:10","guid":{"rendered":"https:\/\/lahora.mx\/?p=60059"},"modified":"2025-03-21T02:02:10","modified_gmt":"2025-03-21T02:02:10","slug":"belinda-graba-videoclip-en-atlixco-y-vuelve-locos-a-sus-fans","status":"publish","type":"post","link":"https:\/\/lahora.mx\/index.php\/2025\/03\/21\/belinda-graba-videoclip-en-atlixco-y-vuelve-locos-a-sus-fans\/","title":{"rendered":"Belinda graba videoclip en Atlixco y vuelve locos a sus fans"},"content":{"rendered":"\n<p><strong>La artista Belinda se encuentra realizando grabaciones<\/strong>\u00a0en el municipio de Atlixco lo que gener\u00f3 emoci\u00f3n entre sus habitantes y sus fans no se hicieron esperar.<br><br>Se sabe que\u00a0<strong>la cantante Belinda, realiza visitas por diferentes pueblos m\u00e1gicos<\/strong>\u00a0como lo hizo en el municipio de Zacatl\u00e1n. Y ahora fue el turno del pueblo m\u00e1gico de Atlixco en donde uno de los puntos a visitar fue el Z\u00f3calo Central.<\/p>\n\n\n\n<p>Se piensa que tambi\u00e9n&nbsp;<strong>va a recorrer el mirador de cristal y posiblemente un tercer punto<\/strong>, como es la plazuela de la danza o las escaleras anchas, pero a\u00fan no se sabe con esa actitud este \u00faltimo punto.<\/p>\n\n\n\n<p><strong>Tambi\u00e9n se sabe que estas im\u00e1genes pasar\u00e1n en un videoclip&nbsp;<\/strong>que el artista se encuentra filmando por diversas ocasiones del Estado de Puebla y asimismo apoyar a la difusi\u00f3n de pueblos m\u00e1gicos en el Estado.<\/p>\n\n\n\n<p>En el caso de Atlixco para la grabaci\u00f3n,&nbsp;<strong>se cerr\u00f3 el primer cuadro de la ciudad en apoyo con seguridad p\u00fablica y vialidad municipal<\/strong>, fue alrededor de una hora que se hicieron las tomas, entre ellas el caminar por el Z\u00f3calo y disfrutar de una t\u00edpica nieve.<\/p>\n","protected":false},"excerpt":{"rendered":"<p>La artista Belinda se encuentra realizando grabaciones\u00a0en el municipio de Atlixco lo que gener\u00f3 emoci\u00f3n entre sus habitantes y sus fans no se hicieron esperar. Se sabe que\u00a0la cantante Belinda, realiza visitas por diferentes pueblos m\u00e1gicos\u00a0como lo hizo en el municipio de Zacatl\u00e1n. Y ahora fue el turno del pueblo m\u00e1gico de Atlixco en donde [&hellip;]<\/p>\n","protected":false},"author":4,"featured_media":60060,"comment_status":"open","ping_status":"open","sticky":false,"template":"","format":"standard","meta":{"om_disable_all_campaigns":false,"_monsterinsights_skip_tracking":false,"_monsterinsights_sitenote_active":false,"_monsterinsights_sitenote_note":"","_monsterinsights_sitenote_category":0,"footnotes":""},"categories":[3,175],"tags":[223],"class_list":["post-60059","post","type-post","status-publish","format-standard","has-post-thumbnail","hentry","category-entretenimiento","category-local","tag-puebla"],"amp_enabled":true,"_links":{"self":[{"href":"https:\/\/lahora.mx\/index.php\/wp-json\/wp\/v2\/posts\/60059","targetHints":{"allow":["GET"]}}],"collection":[{"href":"https:\/\/lahora.mx\/index.php\/wp-json\/wp\/v2\/posts"}],"about":[{"href":"https:\/\/lahora.mx\/index.php\/wp-json\/wp\/v2\/types\/post"}],"author":[{"embeddable":true,"href":"https:\/\/lahora.mx\/index.php\/wp-json\/wp\/v2\/users\/4"}],"replies":[{"embeddable":true,"href":"https:\/\/lahora.mx\/index.php\/wp-json\/wp\/v2\/comments?post=60059"}],"version-history":[{"count":1,"href":"https:\/\/lahora.mx\/index.php\/wp-json\/wp\/v2\/posts\/60059\/revisions"}],"predecessor-version":[{"id":60061,"href":"https:\/\/lahora.mx\/index.php\/wp-json\/wp\/v2\/posts\/60059\/revisions\/60061"}],"wp:featuredmedia":[{"embeddable":true,"href":"https:\/\/lahora.mx\/index.php\/wp-json\/wp\/v2\/media\/60060"}],"wp:attachment":[{"href":"https:\/\/lahora.mx\/index.php\/wp-json\/wp\/v2\/media?parent=60059"}],"wp:term":[{"taxonomy":"category","embeddable":true,"href":"https:\/\/lahora.mx\/index.php\/wp-json\/wp\/v2\/categories?post=60059"},{"taxonomy":"post_tag","embeddable":true,"href":"https:\/\/lahora.mx\/index.php\/wp-json\/wp\/v2\/tags?post=60059"}],"curies":[{"name":"wp","href":"https:\/\/api.w.org\/{rel}","templated":true}]}}