{"id":60030,"date":"2025-03-21T01:07:57","date_gmt":"2025-03-21T01:07:57","guid":{"rendered":"https:\/\/lahora.mx\/?p=60030"},"modified":"2025-03-21T01:07:58","modified_gmt":"2025-03-21T01:07:58","slug":"a-paro-tecnico-de-4-dias-en-volkswagen-en-segmento-3-taos","status":"publish","type":"post","link":"https:\/\/lahora.mx\/index.php\/2025\/03\/21\/a-paro-tecnico-de-4-dias-en-volkswagen-en-segmento-3-taos\/","title":{"rendered":"A paro t\u00e9cnico de 4 d\u00edas en Volkswagen en segmento 3 Taos"},"content":{"rendered":"\n<p>El&nbsp;<strong>segmento 3 de Taos<\/strong>&nbsp;de la armadora alemana&nbsp;<strong>Volkswagen de Puebla<\/strong>&nbsp;se ir\u00e1 a&nbsp;<strong>paro t\u00e9cnico<\/strong>&nbsp;por cuatro d\u00edas debido a la falta de componentes.<\/p>\n\n\n\n<p>As\u00ed lo inform\u00f3 a trav\u00e9s de un comunicado el\u00a0<strong>Sindicato Independiente de Trabajadores de la Industria Automotriz Volkswagen de M\u00e9xico<\/strong>\u00a0(SITIAVW), al se\u00f1alar que\u00a0este paro ser\u00e1 para ambos turnos.<\/p>\n\n\n\n<p>El paro ser\u00e1 del\u00a0<strong>viernes 21 de marzo<\/strong>\u00a0y hasta el mi\u00e9rcoles 26 (tomando en cuenta s\u00f3lo d\u00edas h\u00e1biles), para retomar actividades el\u00a0<strong>jueves 27 de marzo<\/strong>.<br><br>En el documento que entreg\u00f3 el SITIAVW a los t\u00e9cnicos, se aclara que se tomar\u00e1&nbsp;<strong>un d\u00eda de vacaciones<\/strong>&nbsp;para cubrir&nbsp;<strong>dos d\u00edas del paro t\u00e9cnico<\/strong>.<\/p>\n\n\n\n<p>Tambi\u00e9n se indica que se informar\u00e1 al personal si labora o no, pues hay \u00e1reas que tienen trabajos y\u00a0retrabajos ya programamosen distintas \u00e1reas.<\/p>\n\n\n\n<p>Por otra parte, para el&nbsp;<strong>retorno a las labores<\/strong>, se realizar\u00e1 un&nbsp;<strong>listado para cada \u00e1rea<\/strong>, con el objetivo de garantizar los equipos y materiales requeridos.&nbsp;<\/p>\n","protected":false},"excerpt":{"rendered":"<p>El&nbsp;segmento 3 de Taos&nbsp;de la armadora alemana&nbsp;Volkswagen de Puebla&nbsp;se ir\u00e1 a&nbsp;paro t\u00e9cnico&nbsp;por cuatro d\u00edas debido a la falta de componentes. As\u00ed lo inform\u00f3 a trav\u00e9s de un comunicado el\u00a0Sindicato Independiente de Trabajadores de la Industria Automotriz Volkswagen de M\u00e9xico\u00a0(SITIAVW), al se\u00f1alar que\u00a0este paro ser\u00e1 para ambos turnos. El paro ser\u00e1 del\u00a0viernes 21 de marzo\u00a0y hasta [&hellip;]<\/p>\n","protected":false},"author":4,"featured_media":60031,"comment_status":"open","ping_status":"open","sticky":false,"template":"","format":"standard","meta":{"om_disable_all_campaigns":false,"_monsterinsights_skip_tracking":false,"_monsterinsights_sitenote_active":false,"_monsterinsights_sitenote_note":"","_monsterinsights_sitenote_category":0,"footnotes":""},"categories":[175],"tags":[195,223],"class_list":["post-60030","post","type-post","status-publish","format-standard","has-post-thumbnail","hentry","category-local","tag-principal","tag-puebla"],"amp_enabled":true,"_links":{"self":[{"href":"https:\/\/lahora.mx\/index.php\/wp-json\/wp\/v2\/posts\/60030","targetHints":{"allow":["GET"]}}],"collection":[{"href":"https:\/\/lahora.mx\/index.php\/wp-json\/wp\/v2\/posts"}],"about":[{"href":"https:\/\/lahora.mx\/index.php\/wp-json\/wp\/v2\/types\/post"}],"author":[{"embeddable":true,"href":"https:\/\/lahora.mx\/index.php\/wp-json\/wp\/v2\/users\/4"}],"replies":[{"embeddable":true,"href":"https:\/\/lahora.mx\/index.php\/wp-json\/wp\/v2\/comments?post=60030"}],"version-history":[{"count":1,"href":"https:\/\/lahora.mx\/index.php\/wp-json\/wp\/v2\/posts\/60030\/revisions"}],"predecessor-version":[{"id":60032,"href":"https:\/\/lahora.mx\/index.php\/wp-json\/wp\/v2\/posts\/60030\/revisions\/60032"}],"wp:featuredmedia":[{"embeddable":true,"href":"https:\/\/lahora.mx\/index.php\/wp-json\/wp\/v2\/media\/60031"}],"wp:attachment":[{"href":"https:\/\/lahora.mx\/index.php\/wp-json\/wp\/v2\/media?parent=60030"}],"wp:term":[{"taxonomy":"category","embeddable":true,"href":"https:\/\/lahora.mx\/index.php\/wp-json\/wp\/v2\/categories?post=60030"},{"taxonomy":"post_tag","embeddable":true,"href":"https:\/\/lahora.mx\/index.php\/wp-json\/wp\/v2\/tags?post=60030"}],"curies":[{"name":"wp","href":"https:\/\/api.w.org\/{rel}","templated":true}]}}