{"id":60018,"date":"2025-03-20T17:46:37","date_gmt":"2025-03-20T17:46:37","guid":{"rendered":"https:\/\/lahora.mx\/?p=60018"},"modified":"2025-03-20T17:46:37","modified_gmt":"2025-03-20T17:46:37","slug":"puebla-brilla-arranca-modernizando-luminarias-en-arboledas-de-loma-bella","status":"publish","type":"post","link":"https:\/\/lahora.mx\/index.php\/2025\/03\/20\/puebla-brilla-arranca-modernizando-luminarias-en-arboledas-de-loma-bella\/","title":{"rendered":"Puebla Brilla arranca modernizando luminarias en Arboledas de Loma Bella"},"content":{"rendered":"\n<p>El\u00a0<strong>Gobierno de la Ciudad<\/strong> puso en marcha el programa\u00a0<strong>Puebla Brilla<\/strong>, una iniciativa que contempla la\u00a0<strong>modernizaci\u00f3n<\/strong>\u00a0de\u00a0<strong>49 mil luminarias obsoletas<\/strong>\u00a0en todo el municipio de\u00a0<strong>Puebla<\/strong>, sustituy\u00e9ndolas por\u00a0<strong>tecnolog\u00eda<\/strong>\u00a0<strong>LED<\/strong>\u00a0de \u00faltima generaci\u00f3n.<\/p>\n\n\n\n<p>Esto, como parte del compromiso de mejorar la&nbsp;<strong>iluminaci\u00f3n&nbsp;<\/strong>y avanzar hacia un&nbsp;<strong>municipio<\/strong>&nbsp;<strong>m\u00e1s sustentable<\/strong>.<\/p>\n\n\n\n<p>El arranque oficial de este\u00a0<strong>programa<\/strong>, que fue encabezado por el presidente municipal,\u00a0<strong>Pepe Chedraui Budib<\/strong>, se realiz\u00f3 en la colonia\u00a0<strong>Arboledas de Loma Bella<\/strong>. En este primer punto,\u00a0<strong>320 luminarias<\/strong>\u00a0fueron\u00a0<strong>renovadas<\/strong>\u00a0para convertirla en la primera colonia en el municipio de Puebla en alcanzar una cobertura del\u00a0<strong>100 por ciento<\/strong>\u00a0con\u00a0<strong>alumbrado LED<\/strong>\u00a0bajo esta estrategia.<br><br>El&nbsp;<strong>alcalde de<\/strong>&nbsp;<strong>Puebla<\/strong>&nbsp;hizo un llamado a la&nbsp;<strong>ciudadan\u00eda<\/strong>&nbsp;para que conserve en buen estado las&nbsp;<strong>luminarias<\/strong>&nbsp;que dar\u00e1n beneficio por un tiempo prolongado. Asimismo, mencion\u00f3 que con estas acciones de&nbsp;<strong>sostenibilidad<\/strong>&nbsp;ambiental se reducir\u00e1 el&nbsp;<strong>consumo energ\u00e9tico<\/strong>.<\/p>\n\n\n\n<p>\u00abEs una\u00a0<strong>inversi\u00f3n hist\u00f3rica<\/strong>, es la inversi\u00f3n m\u00e1s grande en\u00a0<strong>iluminaci\u00f3n<\/strong>\u00a0en la historia de\u00a0<strong>Puebla<\/strong>\u00a0y eso tambi\u00e9n es gracias a la gran coordinaci\u00f3n, colaboraci\u00f3n y el apoyo, sin duda, de nuestro gobernador,\u00a0<strong>Alejandro Armenta<\/strong>, de la presidenta,\u00a0<strong>Claudia Sheinbaum<\/strong>, y de la gente que trabaja en el\u00a0<strong>ayuntamiento<\/strong>\u00ab, a\u00f1adi\u00f3.<br><br>Al respecto, el secretario de Servicios P\u00fablicos,\u00a0<strong>Clemente G\u00f3mez Medina<\/strong>, inform\u00f3 que el objetivo de este proyecto es\u00a0<strong>modernizar el sistema<\/strong>\u00a0actual mediante la sustituci\u00f3n de\u00a0<strong>49 mil luminarias<\/strong>que operan con\u00a0<strong>tecnolog\u00eda obsoleta<\/strong>.<br><br>\u00abEsta migraci\u00f3n no s\u00f3lo mejorar\u00e1 la\u00a0<strong>eficiencia<\/strong>\u00a0<strong>energ\u00e9tica,<\/strong>\u00a0sino que tambi\u00e9n reducir\u00e1 los costos de mantenimiento y contribuir\u00e1 a la\u00a0<strong>sostenibilidad ambiental<\/strong>\u00ab, expres\u00f3.\u00a0<\/p>\n","protected":false},"excerpt":{"rendered":"<p>El\u00a0Gobierno de la Ciudad puso en marcha el programa\u00a0Puebla Brilla, una iniciativa que contempla la\u00a0modernizaci\u00f3n\u00a0de\u00a049 mil luminarias obsoletas\u00a0en todo el municipio de\u00a0Puebla, sustituy\u00e9ndolas por\u00a0tecnolog\u00eda\u00a0LED\u00a0de \u00faltima generaci\u00f3n. Esto, como parte del compromiso de mejorar la&nbsp;iluminaci\u00f3n&nbsp;y avanzar hacia un&nbsp;municipio&nbsp;m\u00e1s sustentable. El arranque oficial de este\u00a0programa, que fue encabezado por el presidente municipal,\u00a0Pepe Chedraui Budib, se realiz\u00f3 en [&hellip;]<\/p>\n","protected":false},"author":4,"featured_media":60019,"comment_status":"open","ping_status":"open","sticky":false,"template":"","format":"standard","meta":{"om_disable_all_campaigns":false,"_monsterinsights_skip_tracking":false,"_monsterinsights_sitenote_active":false,"_monsterinsights_sitenote_note":"","_monsterinsights_sitenote_category":0,"footnotes":""},"categories":[175],"tags":[239,223],"class_list":["post-60018","post","type-post","status-publish","format-standard","has-post-thumbnail","hentry","category-local","tag-gobierno","tag-puebla"],"amp_enabled":true,"_links":{"self":[{"href":"https:\/\/lahora.mx\/index.php\/wp-json\/wp\/v2\/posts\/60018","targetHints":{"allow":["GET"]}}],"collection":[{"href":"https:\/\/lahora.mx\/index.php\/wp-json\/wp\/v2\/posts"}],"about":[{"href":"https:\/\/lahora.mx\/index.php\/wp-json\/wp\/v2\/types\/post"}],"author":[{"embeddable":true,"href":"https:\/\/lahora.mx\/index.php\/wp-json\/wp\/v2\/users\/4"}],"replies":[{"embeddable":true,"href":"https:\/\/lahora.mx\/index.php\/wp-json\/wp\/v2\/comments?post=60018"}],"version-history":[{"count":1,"href":"https:\/\/lahora.mx\/index.php\/wp-json\/wp\/v2\/posts\/60018\/revisions"}],"predecessor-version":[{"id":60020,"href":"https:\/\/lahora.mx\/index.php\/wp-json\/wp\/v2\/posts\/60018\/revisions\/60020"}],"wp:featuredmedia":[{"embeddable":true,"href":"https:\/\/lahora.mx\/index.php\/wp-json\/wp\/v2\/media\/60019"}],"wp:attachment":[{"href":"https:\/\/lahora.mx\/index.php\/wp-json\/wp\/v2\/media?parent=60018"}],"wp:term":[{"taxonomy":"category","embeddable":true,"href":"https:\/\/lahora.mx\/index.php\/wp-json\/wp\/v2\/categories?post=60018"},{"taxonomy":"post_tag","embeddable":true,"href":"https:\/\/lahora.mx\/index.php\/wp-json\/wp\/v2\/tags?post=60018"}],"curies":[{"name":"wp","href":"https:\/\/api.w.org\/{rel}","templated":true}]}}